{"id":7744,"date":"2015-11-14T13:20:40","date_gmt":"2015-11-14T11:20:40","guid":{"rendered":"http:\/\/gymnasium-amstetten.at\/?p=7744"},"modified":"2015-11-14T13:20:40","modified_gmt":"2015-11-14T11:20:40","slug":"lange-nacht-des-gymnasiums","status":"publish","type":"post","link":"https:\/\/www.bgamstetten.ac.at\/index.php\/2015\/11\/14\/lange-nacht-des-gymnasiums\/","title":{"rendered":"Lange Nacht des Gymnasiums"},"content":{"rendered":"<style type=\"text\/css\"><\/style><div id=\"cmsms_row_69f2534f5ecb2\" class=\"cmsms_row cmsms_color_scheme_default\">\n<div class=\"cmsms_row_outer_parent\">\n<div class=\"cmsms_row_outer\">\n<div class=\"cmsms_row_inner\">\n<div class=\"cmsms_row_margin\">\n<div class=\"cmsms_column one_first\">\n<div class=\"cmsms_text\">\n<p><span style=\"font-size: 14pt; color: #800000;\">\u201eLernen baut auf\u201c<\/span><\/p>\n<p>Wieder str\u00f6mten hunderte Besucher zur Langen Nacht des Gymnasiums, die bereits zum vierten Mal \u00fcber die B\u00fchne ging und ganz dem schulischen Jahresmotto \u201eLernen baut auf\u201c verpflichtet war. Im Zentrum stand nachhaltiges Lernen, das zu mehr Lebensqualit\u00e4t f\u00fchren soll.<!--more--><\/p>\n<p>Er\u00f6ffnet wurde der Themenabend vom Schulchor unter der Leitung von MMag. Micha Sengschmid. Direktor Mag. Josef Spreitz verwies in seiner Begr\u00fc\u00dfungsrede darauf, dass aufbauendes Lernen besonders viel mit Beziehung und Verantwortung zu tun habe. F\u00fcr ihn sei entscheidend, wie miteinander voneinander f\u00fcreinander gelernt werde.<\/p>\n<p>Nachhaltigkeit wurde an zwei Projekten ganz konkret festgemacht: Zum einen gestalteten Sch\u00fclerInnen der 4b mit ihrem Klassenvorstand OStR Mag. Kordula Erhart die Sch\u00fclerzeitung <em>Rufzeichen \u2013 Yes! WE DO<\/em>, deren Inhalte um das Thema Nachhaltigkeit kreisen und deren Verkaufserl\u00f6s nachhaltig in die Pflanzung eines Ginkgos und in die Fl\u00fcchtlingshilfe <em>Menschen wie wir<\/em> investiert wird. Zum anderen schilderte die Familie Sapkota anhand einer Bildpr\u00e4sentation, wie die Spenden im Rahmen einer schulischen Benefizaktion den Erdbebenopfern in Nepal vor Ort zugutekamen.<\/p>\n<p>Als Hauptreferent dieses Abends zog Gerald Koller mit einem Vortrag <em>Beziehungen bilden \u2013 miteinander Zukunft wagen <\/em>auf sehr pointierte Weise die Besucher in seinen Bann. Im Er\u00f6ffnungsblock kam er auf die Ursachen f\u00fcr die gegenw\u00e4rtigen Krisen und gesellschaftlichen Umbr\u00fcche zu sprechen. Dann machte er allen Anwesenden Mut, Ver\u00e4nderungen zu wagen. Den Schl\u00fcssel zur Bew\u00e4ltigung gro\u00dfer Herausforderungen sieht er in kooperativem Verhalten bzw. im Dialog. Gegen Ende seines Vortrages gab er in beinahe kabarettistischer Manier noch Einblick in pers\u00f6nliche Erlebnisse als Vater und \u201epaidagogos\u201c. Er attestiert der Gesellschaft von heute ein Bed\u00fcrfnis nach innerer Sicherheit, dieses zu stillen, sei eine der Herausforderungen an die P\u00e4dagogen von heute.<\/p>\n<p>Zum zweiten H\u00f6hepunkt des Abends geriet Mag. Wilhelm M\u00fcllers R\u00fcckblick auf den beliebten Sportzweig, der in diesen Tagen sein 10j\u00e4hriges Bestehen feiert. Eine aktive sportliche Einlage leitete dann \u00fcber zum geselligen Teil des Abends:<\/p>\n<p>Die Lehrerband <em>the teaches project<\/em> lieferte die Begleitmusik f\u00fcr den Dialog zwischen den Schulpartnern, den AbsolventInnen und den G\u00e4sten von nah und fern. Einmal mehr stellte die Schulgemeinschaft des Ostarrichi-Gymnasiums am Vorabend des Tages des Gymnasiums unter Beweis, welch hohen Stellenwert das Ostarrichi-Gymnasium in der Region hat.<\/p>\n<p>Gro\u00dfer Dank gilt allen Schulpartnern, die mit ihrem Engagement dieses Fest erm\u00f6glicht haben.<\/p>\n<\/div>\n<p>[ilightbox id=&#8220;47&#8243;][\/ilightbox]<\/p>\n<p>[ilightbox id=&#8220;48&#8243;][\/ilightbox]<\/p>\n<p>[ilightbox id=&#8220;49&#8243;][\/ilightbox]<\/p>\n<p>[ilightbox id=&#8220;50&#8243;][\/ilightbox]<\/p>\n<\/div>\n<\/div>\n<\/div>\n<\/div>\n<\/div>\n<\/div>\n<div id=\"cmsms_row_69f2534f5f480\" class=\"cmsms_row cmsms_color_scheme_default\">\n<div class=\"cmsms_row_outer_parent\">\n<div class=\"cmsms_row_outer\">\n<div class=\"cmsms_row_inner\">\n<div class=\"cmsms_row_margin\">\n<div class=\"cmsms_column one_first\">\n<div class=\"cmsms_text\">\n<p><a href=\"http:\/\/www.mostropolis.at\/de\/report_Amstetten_Lange_Nacht_des_Gymnasiums_548_7859.html\" target=\"_blank\" rel=\"noopener\">Weitere Bilder finden Sie auf Mostropolis.at<\/a><\/p>\n<\/div>\n<\/div>\n<\/div>\n<\/div>\n<\/div>\n<\/div>\n<\/div>\n\n","protected":false},"excerpt":{"rendered":"<p>\u201eLernen baut auf\u201c Wieder str\u00f6mten hunderte Besucher zur Langen Nacht des Gymnasiums, die bereits zum vierten Mal \u00fcber die B\u00fchne ging und ganz dem schulischen Jahresmotto \u201eLernen baut auf\u201c verpflichtet war. Im Zentrum stand nachhaltiges Lernen, das zu mehr Lebensqualit\u00e4t f\u00fchren soll.<\/p>\n","protected":false},"author":1,"featured_media":7746,"comment_status":"closed","ping_status":"closed","sticky":false,"template":"","format":"standard","meta":{"footnotes":""},"categories":[23,3],"tags":[],"class_list":["post-7744","post","type-post","status-publish","format-standard","has-post-thumbnail","hentry","category-23","category-allgemein"],"_links":{"self":[{"href":"https:\/\/www.bgamstetten.ac.at\/index.php\/wp-json\/wp\/v2\/posts\/7744","targetHints":{"allow":["GET"]}}],"collection":[{"href":"https:\/\/www.bgamstetten.ac.at\/index.php\/wp-json\/wp\/v2\/posts"}],"about":[{"href":"https:\/\/www.bgamstetten.ac.at\/index.php\/wp-json\/wp\/v2\/types\/post"}],"author":[{"embeddable":true,"href":"https:\/\/www.bgamstetten.ac.at\/index.php\/wp-json\/wp\/v2\/users\/1"}],"replies":[{"embeddable":true,"href":"https:\/\/www.bgamstetten.ac.at\/index.php\/wp-json\/wp\/v2\/comments?post=7744"}],"version-history":[{"count":0,"href":"https:\/\/www.bgamstetten.ac.at\/index.php\/wp-json\/wp\/v2\/posts\/7744\/revisions"}],"wp:featuredmedia":[{"embeddable":true,"href":"https:\/\/www.bgamstetten.ac.at\/index.php\/wp-json\/"}],"wp:attachment":[{"href":"https:\/\/www.bgamstetten.ac.at\/index.php\/wp-json\/wp\/v2\/media?parent=7744"}],"wp:term":[{"taxonomy":"category","embeddable":true,"href":"https:\/\/www.bgamstetten.ac.at\/index.php\/wp-json\/wp\/v2\/categories?post=7744"},{"taxonomy":"post_tag","embeddable":true,"href":"https:\/\/www.bgamstetten.ac.at\/index.php\/wp-json\/wp\/v2\/tags?post=7744"}],"curies":[{"name":"wp","href":"https:\/\/api.w.org\/{rel}","templated":true}]}}