{"id":61401,"date":"2026-04-24T20:12:26","date_gmt":"2026-04-24T18:12:26","guid":{"rendered":"https:\/\/www.bgamstetten.ac.at\/?p=61401"},"modified":"2026-04-26T20:18:38","modified_gmt":"2026-04-26T18:18:38","slug":"freud-und-leid-beim-schulschwimmcup-in-der-suedstadt","status":"publish","type":"post","link":"https:\/\/www.bgamstetten.ac.at\/index.php\/2026\/04\/24\/freud-und-leid-beim-schulschwimmcup-in-der-suedstadt\/","title":{"rendered":"Freud und Leid beim Schulschwimmcup in der S\u00fcdstadt"},"content":{"rendered":"<style type=\"text\/css\"><\/style>\n<p>Am <strong>24.04.2026<\/strong> erlebten unsere Sch\u00fclerinnen beim <a href=\"https:\/\/www.jugendrotkreuz.at\/niederoesterreich\/schulschwimmcup\" target=\"_blank\" rel=\"noopener\"><strong>Schwimmcup-Finale<\/strong><\/a> in der S\u00fcdstadt einen Wettkampf voller Emotionen. Bereits die <strong>Qualifikation f\u00fcr das Finale<\/strong> war ein gro\u00dfer Erfolg und sorgte f\u00fcr viel Freude im Team.<\/p>\n\n\n\n<p>In der Disziplin <strong>50 Meter Freistil<\/strong> traten <strong>acht M\u00e4dchen aus den 1. und 2. Klassen<\/strong> gegen starke Konkurrenz an. Insgesamt waren <strong>13 Teams<\/strong> in dieser Altersklasse vertreten, was die Herausforderung zus\u00e4tzlich erh\u00f6hte.<\/p>\n\n\n\n<p>F\u00fcr unsere Schule gingen <strong>Laura-Sophie Raab, Marie Friesenecker, Amelia Werschkov, Sophie Porstner, Veronika Lehner, Marie-Sofie Hofbauer, Marie Houska<\/strong> sowie <strong>Schlussschwimmerin Luisa Jetzinger<\/strong> an den Start. Mit gro\u00dfem Einsatz, Teamgeist und Kampfwillen zeigte das Team eine beeindruckende Leistung.<\/p>\n\n\n\n<p>In einem spannenden Rennen schwammen die M\u00e4dchen schlie\u00dflich auf den <a href=\"https:\/\/www.jugendrotkreuz.at\/fileadmin\/user_upload\/JRK\/LV\/NO\/Images\/Schwimmen\/Schulschwimmcup_2026\/Ergebnislisten_2026.pdf\" data-type=\"link\" data-id=\"https:\/\/www.jugendrotkreuz.at\/fileadmin\/user_upload\/JRK\/LV\/NO\/Images\/Schwimmen\/Schulschwimmcup_2026\/Ergebnislisten_2026.pdf\" target=\"_blank\" rel=\"noopener\"><strong>4. Platz<\/strong><\/a><strong> <\/strong>\u2013 und verpassten das Podest nur hauchd\u00fcnn. Genau darin lag auch das kleine \u201eLeid\u201c dieses Tages: Die Entt\u00e4uschung \u00fcber den knapp verpassten Sprung unter die Top drei war sp\u00fcrbar.<\/p>\n\n\n\n<p>Dennoch \u00fcberwiegt der Stolz auf die gezeigte Leistung. Die Sch\u00fclerinnen haben unsere Schule hervorragend vertreten und k\u00f6nnen mit Zuversicht auf zuk\u00fcnftige Wettk\u00e4mpfe blicken.<\/p>\n\n\n\n<p>Wir gratulieren herzlich zu diesem tollen Erfolg!<\/p>\n\n\n\n<p class=\"has-text-align-right\"><em>Mag. Barbara Freihammer<\/em><\/p>\n\n\n<div class=\"sgdg-gallery-container\" data-sgdg-hash=\"ff63e2235d2c6043a9228fe47cd2652e87a69eb598dec9902fa2ce1145d05f68\"><div class=\"sgdg-loading\"><div><\/div><\/div><\/div>","protected":false},"excerpt":{"rendered":"<p>Am 24.04.2026 erlebten unsere Sch\u00fclerinnen beim Schwimmcup-Finale in der S\u00fcdstadt einen Wettkampf voller Emotionen. Bereits die Qualifikation f\u00fcr das Finale war ein gro\u00dfer Erfolg und sorgte f\u00fcr viel Freude im Team. In der Disziplin 50 Meter Freistil traten acht M\u00e4dchen aus den 1. und 2. Klassen gegen starke Konkurrenz an. Insgesamt waren 13 Teams in&#8230;<\/p>\n","protected":false},"author":14,"featured_media":61402,"comment_status":"closed","ping_status":"closed","sticky":false,"template":"","format":"standard","meta":{"footnotes":""},"categories":[123,13,4],"tags":[],"class_list":["post-61401","post","type-post","status-publish","format-standard","has-post-thumbnail","hentry","category-123","category-aktuelles","category-sportliches"],"_links":{"self":[{"href":"https:\/\/www.bgamstetten.ac.at\/index.php\/wp-json\/wp\/v2\/posts\/61401","targetHints":{"allow":["GET"]}}],"collection":[{"href":"https:\/\/www.bgamstetten.ac.at\/index.php\/wp-json\/wp\/v2\/posts"}],"about":[{"href":"https:\/\/www.bgamstetten.ac.at\/index.php\/wp-json\/wp\/v2\/types\/post"}],"author":[{"embeddable":true,"href":"https:\/\/www.bgamstetten.ac.at\/index.php\/wp-json\/wp\/v2\/users\/14"}],"replies":[{"embeddable":true,"href":"https:\/\/www.bgamstetten.ac.at\/index.php\/wp-json\/wp\/v2\/comments?post=61401"}],"version-history":[{"count":1,"href":"https:\/\/www.bgamstetten.ac.at\/index.php\/wp-json\/wp\/v2\/posts\/61401\/revisions"}],"predecessor-version":[{"id":61403,"href":"https:\/\/www.bgamstetten.ac.at\/index.php\/wp-json\/wp\/v2\/posts\/61401\/revisions\/61403"}],"wp:featuredmedia":[{"embeddable":true,"href":"https:\/\/www.bgamstetten.ac.at\/index.php\/wp-json\/wp\/v2\/media\/61402"}],"wp:attachment":[{"href":"https:\/\/www.bgamstetten.ac.at\/index.php\/wp-json\/wp\/v2\/media?parent=61401"}],"wp:term":[{"taxonomy":"category","embeddable":true,"href":"https:\/\/www.bgamstetten.ac.at\/index.php\/wp-json\/wp\/v2\/categories?post=61401"},{"taxonomy":"post_tag","embeddable":true,"href":"https:\/\/www.bgamstetten.ac.at\/index.php\/wp-json\/wp\/v2\/tags?post=61401"}],"curies":[{"name":"wp","href":"https:\/\/api.w.org\/{rel}","templated":true}]}}