{"id":61395,"date":"2026-04-24T20:05:26","date_gmt":"2026-04-24T18:05:26","guid":{"rendered":"https:\/\/www.bgamstetten.ac.at\/?p=61395"},"modified":"2026-04-26T20:10:48","modified_gmt":"2026-04-26T18:10:48","slug":"mexico-zu-gast-am-gymnasium","status":"publish","type":"post","link":"https:\/\/www.bgamstetten.ac.at\/index.php\/2026\/04\/24\/mexico-zu-gast-am-gymnasium\/","title":{"rendered":"M\u00e9xico zu Gast am Gymnasium"},"content":{"rendered":"<style type=\"text\/css\"><\/style>\n<p>Vom 20. bis 24. April 2026 hatten wir die Ehre, zwei mexikanische Gastsch\u00fclerInnen willkommen zu hei\u00dfen. Maria Jos\u00e9 (Majo) Romo S\u00e1nchez und Markus Bahnsen Lara vom <em>Colegio Austr\u00edaco Mexicano<\/em> aus Santiago de Quer\u00e9taro haben uns in diesen Tagen viel \u00fcber die mexikanische Kultur und Geschichte erz\u00e4hlt. Es wurden sogar Symbole f\u00fcr <em>Fiestas, <\/em>die sogenannten <em>Pi\u00f1atas<\/em>, gebastelt! In Kleingruppen \u00fcbten wir mit Markus und Majo auf ganz unterschiedliche und nat\u00fcrliche Art und Weise die spanische Sprache. Dazu eignete sich unsere Bibliothek vortrefflich als Unterrichtsort.&nbsp;<\/p>\n\n\n\n<p>Die <em>\u00d6sterreichische Schule Mexiko<\/em> wurde 2011 dank eines Kulturabkommens zwischen Mexiko und \u00d6sterreich gegr\u00fcndet. Es handelt sich dabei um eine Privatschule, die \u00fcber Volksschule, Unter- und Oberstufe verf\u00fcgt. Sowohl \u00f6sterreichische als auch mexikanische LehrerInnen unterrichten am Colegio, wo die Vermittlung der europ\u00e4ischen und besonders der \u00f6sterreichischen Kultur ein Schwerpunkt ist. Eine der Lehrerinnen, die in Mexiko im Einsatz sind, ist Mag. Sigrun Hofst\u00e4tter. Sie hat uns am Mittwoch einen Besuch abgestattet und viel von ihrer interessanten Arbeit erz\u00e4hlt.<\/p>\n\n\n\n<p>In den Jahren bis zur Matura nimmt am Colegio das Ausma\u00df der auf Deutsch unterrichteten F\u00e4cher kontinuierlich zu, sodass nach dem Bachillerato die \u00f6sterreichische Reifepr\u00fcfung abgelegt wird und die Absolventen sowohl in Mexiko als auch in \u00d6sterreich studieren d\u00fcrfen. Da es in Quer\u00e9taro mehrere hundert deutschsprachige Unternehmen gibt, ist Deutsch f\u00fcr die AbsolventInnen eine sehr zukunftstr\u00e4chtige Sprache.<\/p>\n\n\n\n<p>Neben dem <em>Colegio Austr\u00edaco Mexicano<\/em> gibt es noch andere \u00f6sterreichische Auslandsschulen in Albanien, Guatemala, Liechtenstein, Moldau, Tschechien, Ungarn und in der T\u00fcrkei.<\/p>\n\n\n\n<p class=\"has-text-align-right\"><em>Dr. Elisabeth Hofer<\/em><\/p>\n\n\n<div class=\"sgdg-gallery-container\" data-sgdg-hash=\"606c9fcfa7ffaff8144faeffb838fb1aa69d838401c7e6362c1cf6d1562c1f9b\"><div class=\"sgdg-loading\"><div><\/div><\/div><\/div>","protected":false},"excerpt":{"rendered":"<p>Vom 20. bis 24. April 2026 hatten wir die Ehre, zwei mexikanische Gastsch\u00fclerInnen willkommen zu hei\u00dfen. Maria Jos\u00e9 (Majo) Romo S\u00e1nchez und Markus Bahnsen Lara vom Colegio Austr\u00edaco Mexicano aus Santiago de Quer\u00e9taro haben uns in diesen Tagen viel \u00fcber die mexikanische Kultur und Geschichte erz\u00e4hlt. Es wurden sogar Symbole f\u00fcr Fiestas, die sogenannten Pi\u00f1atas,&#8230;<\/p>\n","protected":false},"author":14,"featured_media":61397,"comment_status":"closed","ping_status":"closed","sticky":false,"template":"","format":"standard","meta":{"footnotes":""},"categories":[123,13,8],"tags":[],"class_list":["post-61395","post","type-post","status-publish","format-standard","has-post-thumbnail","hentry","category-123","category-aktuelles","category-sprachen"],"_links":{"self":[{"href":"https:\/\/www.bgamstetten.ac.at\/index.php\/wp-json\/wp\/v2\/posts\/61395","targetHints":{"allow":["GET"]}}],"collection":[{"href":"https:\/\/www.bgamstetten.ac.at\/index.php\/wp-json\/wp\/v2\/posts"}],"about":[{"href":"https:\/\/www.bgamstetten.ac.at\/index.php\/wp-json\/wp\/v2\/types\/post"}],"author":[{"embeddable":true,"href":"https:\/\/www.bgamstetten.ac.at\/index.php\/wp-json\/wp\/v2\/users\/14"}],"replies":[{"embeddable":true,"href":"https:\/\/www.bgamstetten.ac.at\/index.php\/wp-json\/wp\/v2\/comments?post=61395"}],"version-history":[{"count":1,"href":"https:\/\/www.bgamstetten.ac.at\/index.php\/wp-json\/wp\/v2\/posts\/61395\/revisions"}],"predecessor-version":[{"id":61398,"href":"https:\/\/www.bgamstetten.ac.at\/index.php\/wp-json\/wp\/v2\/posts\/61395\/revisions\/61398"}],"wp:featuredmedia":[{"embeddable":true,"href":"https:\/\/www.bgamstetten.ac.at\/index.php\/wp-json\/wp\/v2\/media\/61397"}],"wp:attachment":[{"href":"https:\/\/www.bgamstetten.ac.at\/index.php\/wp-json\/wp\/v2\/media?parent=61395"}],"wp:term":[{"taxonomy":"category","embeddable":true,"href":"https:\/\/www.bgamstetten.ac.at\/index.php\/wp-json\/wp\/v2\/categories?post=61395"},{"taxonomy":"post_tag","embeddable":true,"href":"https:\/\/www.bgamstetten.ac.at\/index.php\/wp-json\/wp\/v2\/tags?post=61395"}],"curies":[{"name":"wp","href":"https:\/\/api.w.org\/{rel}","templated":true}]}}