{"id":61392,"date":"2026-04-23T19:56:53","date_gmt":"2026-04-23T17:56:53","guid":{"rendered":"https:\/\/www.bgamstetten.ac.at\/?p=61392"},"modified":"2026-04-26T20:06:33","modified_gmt":"2026-04-26T18:06:33","slug":"sportmotorische-testungen-fuer-unsere-sportklassen","status":"publish","type":"post","link":"https:\/\/www.bgamstetten.ac.at\/index.php\/2026\/04\/23\/sportmotorische-testungen-fuer-unsere-sportklassen\/","title":{"rendered":"Sportmotorische Testungen f\u00fcr unsere Sportklassen"},"content":{"rendered":"<style type=\"text\/css\"><\/style>\n<p><strong>St\u00e4rken erkennen, Potenziale nutzen und Verletzungen vorbeugen: Unsere Sch\u00fclerinnen und Sch\u00fcler des sportlichen Schwerpunkts erhielten k\u00fcrzlich die Gelegenheit, ihre Leistungsf\u00e4higkeit auf professionellem Niveau testen zu lassen.<\/strong><\/p>\n\n\n\n<p>In Zusammenarbeit mit dem Sportwissenschaftler <em><a href=\"https:\/\/www.peakcheck.at\" data-type=\"link\" data-id=\"https:\/\/www.peakcheck.at\" target=\"_blank\" rel=\"noopener\"><strong>Tobias Saffertm\u00fcller (PeakCheck e.U.)<\/strong><\/a><\/em> f\u00fchrte die Fachgruppe \u201eBewegung und Sport\u201c eine umfassende Leistungsdiagnostik durch. In den Bereichen <strong>Sprint, Ausdauer, Kraft, Sprungkraft und Reaktion<\/strong> wurden objektive Daten erhoben, die weit \u00fcber den normalen Schulsport hinausgehen.<\/p>\n\n\n\n<h3 class=\"wp-block-heading\"><strong>Warum dieser Aufwand?<\/strong><\/h3>\n\n\n\n<ul class=\"wp-block-list\">\n<li><strong>Individuelle Analyse:<\/strong> Die Jugendlichen erhalten wertvolle Einblicke in ihre St\u00e4rken und erkennen potenzielle muskul\u00e4re Dysbalancen.<\/li>\n\n\n\n<li><strong>Pr\u00e4vention:<\/strong> Mit den Ergebnissen erhalten die Sch\u00fcler\/innen konkrete Tipps f\u00fcr die Trainingsgestaltung, um Verletzungen aktiv vorzubeugen.<\/li>\n\n\n\n<li><strong>Sicherer Wiedereinstieg:<\/strong> Im Falle einer Verletzung dienen die Daten als wichtige Referenz f\u00fcr eine erfolgreiche Rehabilitation (Return-to-Sport).<\/li>\n<\/ul>\n\n\n\n<p>Die Testungen fanden direkt im Rahmen des BSP-Unterrichts statt und boten unseren Nachwuchstalenten eine spannende Erfahrung. Die Leistungen werden gerade ausgewertet und den Sch\u00fcler\/innen so bald wie m\u00f6glich \u00fcbermittelt.&nbsp;<\/p>\n\n\n\n<p>Ein herzliches Dankesch\u00f6n an Tobias und allen beteiligten Lehrkr\u00e4ften f\u00fcr die aufwendige und reibungslose Durchf\u00fchrung!<\/p>\n\n\n\n<p class=\"has-text-align-right\"><em>Mag. Andreas Lahmer<\/em><\/p>\n\n\n<div class=\"sgdg-gallery-container\" data-sgdg-hash=\"37c5400d6be888e5b71b8beee587de41488e796bdfb1a4138dc45ca3fae81d54\"><div class=\"sgdg-loading\"><div><\/div><\/div><\/div>","protected":false},"excerpt":{"rendered":"<p>St\u00e4rken erkennen, Potenziale nutzen und Verletzungen vorbeugen: Unsere Sch\u00fclerinnen und Sch\u00fcler des sportlichen Schwerpunkts erhielten k\u00fcrzlich die Gelegenheit, ihre Leistungsf\u00e4higkeit auf professionellem Niveau testen zu lassen. In Zusammenarbeit mit dem Sportwissenschaftler Tobias Saffertm\u00fcller (PeakCheck e.U.) f\u00fchrte die Fachgruppe \u201eBewegung und Sport\u201c eine umfassende Leistungsdiagnostik durch. In den Bereichen Sprint, Ausdauer, Kraft, Sprungkraft und Reaktion wurden&#8230;<\/p>\n","protected":false},"author":14,"featured_media":61393,"comment_status":"closed","ping_status":"closed","sticky":false,"template":"","format":"standard","meta":{"footnotes":""},"categories":[123,13,3,4],"tags":[],"class_list":["post-61392","post","type-post","status-publish","format-standard","has-post-thumbnail","hentry","category-123","category-aktuelles","category-allgemein","category-sportliches"],"_links":{"self":[{"href":"https:\/\/www.bgamstetten.ac.at\/index.php\/wp-json\/wp\/v2\/posts\/61392","targetHints":{"allow":["GET"]}}],"collection":[{"href":"https:\/\/www.bgamstetten.ac.at\/index.php\/wp-json\/wp\/v2\/posts"}],"about":[{"href":"https:\/\/www.bgamstetten.ac.at\/index.php\/wp-json\/wp\/v2\/types\/post"}],"author":[{"embeddable":true,"href":"https:\/\/www.bgamstetten.ac.at\/index.php\/wp-json\/wp\/v2\/users\/14"}],"replies":[{"embeddable":true,"href":"https:\/\/www.bgamstetten.ac.at\/index.php\/wp-json\/wp\/v2\/comments?post=61392"}],"version-history":[{"count":2,"href":"https:\/\/www.bgamstetten.ac.at\/index.php\/wp-json\/wp\/v2\/posts\/61392\/revisions"}],"predecessor-version":[{"id":61396,"href":"https:\/\/www.bgamstetten.ac.at\/index.php\/wp-json\/wp\/v2\/posts\/61392\/revisions\/61396"}],"wp:featuredmedia":[{"embeddable":true,"href":"https:\/\/www.bgamstetten.ac.at\/index.php\/wp-json\/wp\/v2\/media\/61393"}],"wp:attachment":[{"href":"https:\/\/www.bgamstetten.ac.at\/index.php\/wp-json\/wp\/v2\/media?parent=61392"}],"wp:term":[{"taxonomy":"category","embeddable":true,"href":"https:\/\/www.bgamstetten.ac.at\/index.php\/wp-json\/wp\/v2\/categories?post=61392"},{"taxonomy":"post_tag","embeddable":true,"href":"https:\/\/www.bgamstetten.ac.at\/index.php\/wp-json\/wp\/v2\/tags?post=61392"}],"curies":[{"name":"wp","href":"https:\/\/api.w.org\/{rel}","templated":true}]}}