{"id":60820,"date":"2026-03-10T22:17:00","date_gmt":"2026-03-10T21:17:00","guid":{"rendered":"https:\/\/www.bgamstetten.ac.at\/?p=60820"},"modified":"2026-03-14T16:19:04","modified_gmt":"2026-03-14T15:19:04","slug":"franzoesisch-diplom-delf-on-y-va","status":"publish","type":"post","link":"https:\/\/www.bgamstetten.ac.at\/index.php\/2026\/03\/10\/franzoesisch-diplom-delf-on-y-va\/","title":{"rendered":"Franz\u00f6sisch-Diplom \u201eDELF\u201c \u2013 on y va!"},"content":{"rendered":"<style type=\"text\/css\"><\/style>\n<p>Am 10. M\u00e4rz war es so weit: 16 Sch\u00fclerinnen und Sch\u00fcler der vierten Klassen stellten sich freiwillig einer schriftlichen und m\u00fcndlichen Franz\u00f6sisch-Pr\u00fcfung in St. P\u00f6lten, um das international anerkannte und lebenslang g\u00fcltige Franz\u00f6sisch-Diplom DELF (<em>Dipl\u00f4me d&#8217;\u00e9tudes en langue fran\u00e7aise<\/em>), das vom franz\u00f6sischen Bildungsministerium vergeben wird, zu erhalten.<\/p>\n\n\n\n<p>Das BG BRG Amstetten war an diesem Tag mit der gr\u00f6\u00dften Teilnehmergruppe vor Ort. Dabei wurde das&nbsp; K\u00f6nnen in den Bereichen \u201eH\u00f6ren\u201c, \u201eLesen\u201c, \u201eSchreiben\u201c und \u201eSprechen\u201c unter Beweis gestellt. Ein gro\u00dfer Dank geb\u00fchrt auch Maya Larivi\u00e8re, unserer franz\u00f6sischen Sprachassistentin, die die Sch\u00fclerinnen und Sch\u00fcler perfekt vorbereitet hat.<\/p>\n\n\n\n<p>Nach der Pr\u00fcfung beim anschlie\u00dfenden Mittagessen war bei den Jugendlichen die Erleichterung gro\u00df, da es sehr gut f\u00fcr sie gelaufen ist. \ud83d\ude0a Die Schulgemeinschaft ist sehr stolz auf euch und auf eure Leistungen! F\u00e9licitations!&nbsp;<\/p>\n\n\n\n<p class=\"has-text-align-right\"><em>Mag. Mag. Melanie Reisinger, BA<\/em><\/p>\n\n\n<div class=\"sgdg-gallery-container\" data-sgdg-hash=\"454f7374899669119ee946e7433fa0d8d5fa17dfb85278cce254fcb41cad205f\"><div class=\"sgdg-loading\"><div><\/div><\/div><\/div>","protected":false},"excerpt":{"rendered":"<p>Am 10. M\u00e4rz war es so weit: 16 Sch\u00fclerinnen und Sch\u00fcler der vierten Klassen stellten sich freiwillig einer schriftlichen und m\u00fcndlichen Franz\u00f6sisch-Pr\u00fcfung in St. P\u00f6lten, um das international anerkannte und lebenslang g\u00fcltige Franz\u00f6sisch-Diplom DELF (Dipl\u00f4me d&#8217;\u00e9tudes en langue fran\u00e7aise), das vom franz\u00f6sischen Bildungsministerium vergeben wird, zu erhalten. Das BG BRG Amstetten war an diesem Tag&#8230;<\/p>\n","protected":false},"author":13,"featured_media":60821,"comment_status":"closed","ping_status":"closed","sticky":false,"template":"","format":"standard","meta":{"footnotes":""},"categories":[123,13,8],"tags":[22],"class_list":["post-60820","post","type-post","status-publish","format-standard","has-post-thumbnail","hentry","category-123","category-aktuelles","category-sprachen","tag-sprachen"],"_links":{"self":[{"href":"https:\/\/www.bgamstetten.ac.at\/index.php\/wp-json\/wp\/v2\/posts\/60820","targetHints":{"allow":["GET"]}}],"collection":[{"href":"https:\/\/www.bgamstetten.ac.at\/index.php\/wp-json\/wp\/v2\/posts"}],"about":[{"href":"https:\/\/www.bgamstetten.ac.at\/index.php\/wp-json\/wp\/v2\/types\/post"}],"author":[{"embeddable":true,"href":"https:\/\/www.bgamstetten.ac.at\/index.php\/wp-json\/wp\/v2\/users\/13"}],"replies":[{"embeddable":true,"href":"https:\/\/www.bgamstetten.ac.at\/index.php\/wp-json\/wp\/v2\/comments?post=60820"}],"version-history":[{"count":1,"href":"https:\/\/www.bgamstetten.ac.at\/index.php\/wp-json\/wp\/v2\/posts\/60820\/revisions"}],"predecessor-version":[{"id":60822,"href":"https:\/\/www.bgamstetten.ac.at\/index.php\/wp-json\/wp\/v2\/posts\/60820\/revisions\/60822"}],"wp:featuredmedia":[{"embeddable":true,"href":"https:\/\/www.bgamstetten.ac.at\/index.php\/wp-json\/wp\/v2\/media\/60821"}],"wp:attachment":[{"href":"https:\/\/www.bgamstetten.ac.at\/index.php\/wp-json\/wp\/v2\/media?parent=60820"}],"wp:term":[{"taxonomy":"category","embeddable":true,"href":"https:\/\/www.bgamstetten.ac.at\/index.php\/wp-json\/wp\/v2\/categories?post=60820"},{"taxonomy":"post_tag","embeddable":true,"href":"https:\/\/www.bgamstetten.ac.at\/index.php\/wp-json\/wp\/v2\/tags?post=60820"}],"curies":[{"name":"wp","href":"https:\/\/api.w.org\/{rel}","templated":true}]}}