{"id":60786,"date":"2026-03-05T21:58:00","date_gmt":"2026-03-05T20:58:00","guid":{"rendered":"https:\/\/www.bgamstetten.ac.at\/?p=60786"},"modified":"2026-03-09T10:01:18","modified_gmt":"2026-03-09T09:01:18","slug":"2-platz-fuer-lisa-baldean-beim-40-fremdsprachenwettbewerb-des-landes-noe","status":"publish","type":"post","link":"https:\/\/www.bgamstetten.ac.at\/index.php\/2026\/03\/05\/2-platz-fuer-lisa-baldean-beim-40-fremdsprachenwettbewerb-des-landes-noe\/","title":{"rendered":"2. Platz f\u00fcr Lisa Baldean beim 40. Fremdsprachenwettbewerb des Landes N\u00d6\u00a0"},"content":{"rendered":"<style type=\"text\/css\"><\/style>\n<p>Am 5. M\u00e4rz 2026 belegte<strong> Lisa Baldean<\/strong>, Sch\u00fclerin der 8A (Sprachzweig) des BG\/BRG Amstetten, den fabelhaften 2. Platz beim diesj\u00e4hrigen Fremdsprachenwettbewerb des Landes Nieder\u00f6sterreich im Fach <strong>Spanisch<\/strong>. Es handelte sich um den 40. Fremdsprachenwettbewerb unseres Bundeslandes, an dem diesmal 335 Sch\u00fclerInnen teilgenommen haben.<\/p>\n\n\n\n<p>Der Spanischbewerb gliederte sich in drei Bereiche: Im ersten Teil mussten die Teilnehmerinnen \u00fcber KI und ihre Rolle im Leben von Jugendlichen sprechen und im zweiten Teil wurde verlangt, eine hochaktuelle Diskussion mit zwei KandidatInnen zum Thema \u201eBedeutung der Sprachen\u201c zu f\u00fchren. In dieser Runde waren Fachkompetenz, ausgezeichnete Sprachproduktion und disziplinierte Diskussionsf\u00e4higkeit gefordert.&nbsp;<\/p>\n\n\n\n<p>Nach dem Aufstieg in die letzte Runde mussten die drei Finalistinnen eine Spontanrede halten, die ein bis zwei Minuten dauern sollte. Auch diesen Teil, in dem Wortschatz, Fl\u00fcssigkeit, Themenbezogenheit, Vielfalt und Angemessenheit der Argumente, situationsad\u00e4quate Ausdrucksweise, Flexibilit\u00e4t, \u00dcberzeugungskraft und angepasstes Sprachregister gefragt waren, absolvierte Lisa bravour\u00f6s. Sie belegte den zweiten Platz, der dem Niveau B1 des Europ\u00e4ischen Referenzrahmens entspricht.&nbsp;<\/p>\n\n\n\n<p>Lisas Leistung ist insofern sehr hoch einzusch\u00e4tzen, als viele TeilnehmerInnen des Wettbewerbs bereits 5 Lernjahre Spanisch hinter sich haben, w\u00e4hrend Lisa gerade das 4. Lernjahr absolviert.<\/p>\n\n\n\n<p>Bei der Siegerehrung am Nachmittag war die Leidenschaft, die Sprachen entfachen k\u00f6nnen, besonders stark sp\u00fcrbar!<\/p>\n\n\n\n<p class=\"has-text-align-right\"><em>Dr. Elisabeth Hofer<\/em><\/p>\n\n\n<div class=\"sgdg-gallery-container\" data-sgdg-hash=\"c06144a22f35f5f0c7764f6cf2cd0fbb769a315f2189538620289da038c23103\"><div class=\"sgdg-loading\"><div><\/div><\/div><\/div>","protected":false},"excerpt":{"rendered":"<p>Am 5. M\u00e4rz 2026 belegte Lisa Baldean, Sch\u00fclerin der 8A (Sprachzweig) des BG\/BRG Amstetten, den fabelhaften 2. Platz beim diesj\u00e4hrigen Fremdsprachenwettbewerb des Landes Nieder\u00f6sterreich im Fach Spanisch. Es handelte sich um den 40. Fremdsprachenwettbewerb unseres Bundeslandes, an dem diesmal 335 Sch\u00fclerInnen teilgenommen haben. Der Spanischbewerb gliederte sich in drei Bereiche: Im ersten Teil mussten die&#8230;<\/p>\n","protected":false},"author":13,"featured_media":60787,"comment_status":"closed","ping_status":"closed","sticky":false,"template":"","format":"standard","meta":{"footnotes":""},"categories":[123,13,8],"tags":[22],"class_list":["post-60786","post","type-post","status-publish","format-standard","has-post-thumbnail","hentry","category-123","category-aktuelles","category-sprachen","tag-sprachen"],"_links":{"self":[{"href":"https:\/\/www.bgamstetten.ac.at\/index.php\/wp-json\/wp\/v2\/posts\/60786","targetHints":{"allow":["GET"]}}],"collection":[{"href":"https:\/\/www.bgamstetten.ac.at\/index.php\/wp-json\/wp\/v2\/posts"}],"about":[{"href":"https:\/\/www.bgamstetten.ac.at\/index.php\/wp-json\/wp\/v2\/types\/post"}],"author":[{"embeddable":true,"href":"https:\/\/www.bgamstetten.ac.at\/index.php\/wp-json\/wp\/v2\/users\/13"}],"replies":[{"embeddable":true,"href":"https:\/\/www.bgamstetten.ac.at\/index.php\/wp-json\/wp\/v2\/comments?post=60786"}],"version-history":[{"count":1,"href":"https:\/\/www.bgamstetten.ac.at\/index.php\/wp-json\/wp\/v2\/posts\/60786\/revisions"}],"predecessor-version":[{"id":60788,"href":"https:\/\/www.bgamstetten.ac.at\/index.php\/wp-json\/wp\/v2\/posts\/60786\/revisions\/60788"}],"wp:featuredmedia":[{"embeddable":true,"href":"https:\/\/www.bgamstetten.ac.at\/index.php\/wp-json\/wp\/v2\/media\/60787"}],"wp:attachment":[{"href":"https:\/\/www.bgamstetten.ac.at\/index.php\/wp-json\/wp\/v2\/media?parent=60786"}],"wp:term":[{"taxonomy":"category","embeddable":true,"href":"https:\/\/www.bgamstetten.ac.at\/index.php\/wp-json\/wp\/v2\/categories?post=60786"},{"taxonomy":"post_tag","embeddable":true,"href":"https:\/\/www.bgamstetten.ac.at\/index.php\/wp-json\/wp\/v2\/tags?post=60786"}],"curies":[{"name":"wp","href":"https:\/\/api.w.org\/{rel}","templated":true}]}}