{"id":60362,"date":"2026-01-22T20:19:32","date_gmt":"2026-01-22T19:19:32","guid":{"rendered":"https:\/\/www.bgamstetten.ac.at\/?p=60362"},"modified":"2026-01-26T20:35:39","modified_gmt":"2026-01-26T19:35:39","slug":"sehr-geehrte-damen-und-herren","status":"publish","type":"post","link":"https:\/\/www.bgamstetten.ac.at\/index.php\/2026\/01\/22\/sehr-geehrte-damen-und-herren\/","title":{"rendered":"Sehr geehrte Damen und Herren!"},"content":{"rendered":"<style type=\"text\/css\"><\/style>\n<p>Was haben das Jahr 1933, Leistungsdruck und Schuluniformen gemeinsam?<br>Auf den ersten Blick vielleicht nicht viel. Und doch haben genau diese Themen und noch viele mehr am 22. J\u00e4nner 2026 den Turnsaal 2 des BG\/BRG Amstetten erf\u00fcllt \u2013 mit Spannung, anregenden Gedanken und beeindruckender Sprachkraft. Denn an diesem Tag wurde der Turnsaal zur B\u00fchne f\u00fcr den diesj\u00e4hrigen Redewettbewerb, der wieder eindrucksvoll zeigte, wie lebendig, kritisch und vielseitig Jugendliche ihre Gedanken \u00e4u\u00dfern k\u00f6nnen.<\/p>\n\n\n\n<p>Lassen Sie mich kurz ausholen: Es ist ein Donnerstag, ein ganz normaler Schultag am BG\/BRG Amstetten, alles geht seinen gewohnten Weg, die Sch\u00fclerinnen und Sch\u00fcler sehnen schon die Ferien herbei \u2013 nicht ganz!&nbsp; Vor einem aufmerksamen Publikum aus den 6. und 7. Klassen pr\u00e4sentierten die Teilnehmerinnen und Teilnehmer des Redewettbewerbs insgesamt sechs klassische Reden und zwei Spontanreden \u2013 und eines kann man gleich vorwegnehmen: Das Niveau war durchwegs sehr hoch. Jede einzelne Rede zeugte von Mut, sprachlicher Ausdruckskraft und einer intensiven Auseinandersetzung mit Themen, die uns alle betreffen. So spannten die Reden einen Bogen von Abtreibung \u00fcber Social Media bis hin zur aktuellen politischen Lage. Wer w\u00fcrde da nicht bis zum letzten Wort gespannt zuh\u00f6ren?<\/p>\n\n\n\n<p>Die anspruchsvolle Aufgabe der Bewertung \u00fcbernahm eine \u201egestrenge\u201c Jury, bestehend aus<br>Direktor Mag. Josef Spreitz, Elternvereinsobfrau Ing. Elisabeth Berger, Fabian Brandner, Obfrau-Stellvertreter des Absolventenvereins, Sch\u00fclervertreterin Sarah Kranewitter sowie der Vorjahressiegerin Anna Ortm\u00fcller.<\/p>\n\n\n\n<p>Sehr geehrtes Publikum, wer waren jetzt die Sch\u00fclerinnen und Sch\u00fcler, die die Jury besonders \u00fcberzeugten?<\/p>\n\n\n\n<p>Den 1. Platz in der Kategorie der klassischen Rede errang Christina Lindenhofer mit ihrem eindringlichen Beitrag \u201eNie wieder 1933\u201c. Mit aufr\u00fcttelnden Worten und einem erschreckend aktuellen Bezug machte sie auf die Gef\u00e4hrdung der Demokratie aufmerksam \u2013 eine Rede, die noch lange nachhallte. Der 2. Platz ging an Anna Gartlehner, die sich in einer ber\u00fchrenden Rede dem Thema Leistungsdruck widmete und vielen Zuh\u00f6rerinnen und Zuh\u00f6rern aus der Seele sprach. Den 3. Platz belegte Maximilian Ott mit einer pointierten Rede zum Thema \u201eSchuluniformen\u201c.<\/p>\n\n\n\n<p>Doch nicht nur vorbereitete Reden standen im Mittelpunkt: Auch die Kategorie Spontanrede verlangte den Teilnehmern Schlagfertigkeit, Kreativit\u00e4t und Mut ab. Als Sieger konnte sich hier Moritz Hofmarcher mit einer Rede zum Themenbereich \u201eSport und Freizeit\u201c durchsetzen.<\/p>\n\n\n\n<p>Was w\u00e4re so eine feierliche Veranstaltung ohne die Musik, sehr geehrte Damen und Herren? Daf\u00fcr sorgten Elina Nitterl an der Querfl\u00f6te sowie Helene Dorner am Altsaxophon. Gemeinsam mit Mag. Micha Sengschmid verliehen sie der Veranstaltung einen feierlichen Rahmen. Mag. Sengschmid zeichnete zudem f\u00fcr die Gesamtorganisation verantwortlich.<\/p>\n\n\n\n<p>Dieser Redewettbewerb hat nicht nur bewiesen, dass junge Menschen den Mut und die F\u00e4higkeit haben, ihre Stimme engagiert und verantwortungsvoll zu nutzen. Er hat gezeigt, wie wichtig es ist, mitzudenken und Haltung zu zeigen. Er hat au\u00dferdem eindrucksvoll belegt, dass sich Sch\u00fclerinnen und Sch\u00fcler mit aktuellen Fragen auseinandersetzen und diese pointiert und ber\u00fchrend pr\u00e4sentieren k\u00f6nnen!<\/p>\n\n\n\n<p>F\u00fcr die vielen Preise, die alle Mitwirkenden erhielten, gilt ein besonderes Dankesch\u00f6n dem Elternverein, dem Absolventenverein, der Firma St\u00f6ckl und f\u00fcr den Hauptpreis an Dir. Josef Spreitz. Dieser Vormittag war ein starkes Zeichen f\u00fcr Demokratie, Meinungsfreiheit und Engagement \u2013 halten wir diese Werte weiterhin hoch!<\/p>\n\n\n<div class=\"sgdg-gallery-container\" data-sgdg-hash=\"dccf82987dc618c0f8ab6cd1cf5f36e78ac715c7679e33749fcf4e148e9e587c\"><div class=\"sgdg-loading\"><div><\/div><\/div><\/div>","protected":false},"excerpt":{"rendered":"<p>Was haben das Jahr 1933, Leistungsdruck und Schuluniformen gemeinsam?Auf den ersten Blick vielleicht nicht viel. Und doch haben genau diese Themen und noch viele mehr am 22. J\u00e4nner 2026 den Turnsaal 2 des BG\/BRG Amstetten erf\u00fcllt \u2013 mit Spannung, anregenden Gedanken und beeindruckender Sprachkraft. Denn an diesem Tag wurde der Turnsaal zur B\u00fchne f\u00fcr den&#8230;<\/p>\n","protected":false},"author":13,"featured_media":60363,"comment_status":"closed","ping_status":"closed","sticky":false,"template":"","format":"standard","meta":{"footnotes":""},"categories":[123,13,3,8],"tags":[],"class_list":["post-60362","post","type-post","status-publish","format-standard","has-post-thumbnail","hentry","category-123","category-aktuelles","category-allgemein","category-sprachen"],"_links":{"self":[{"href":"https:\/\/www.bgamstetten.ac.at\/index.php\/wp-json\/wp\/v2\/posts\/60362","targetHints":{"allow":["GET"]}}],"collection":[{"href":"https:\/\/www.bgamstetten.ac.at\/index.php\/wp-json\/wp\/v2\/posts"}],"about":[{"href":"https:\/\/www.bgamstetten.ac.at\/index.php\/wp-json\/wp\/v2\/types\/post"}],"author":[{"embeddable":true,"href":"https:\/\/www.bgamstetten.ac.at\/index.php\/wp-json\/wp\/v2\/users\/13"}],"replies":[{"embeddable":true,"href":"https:\/\/www.bgamstetten.ac.at\/index.php\/wp-json\/wp\/v2\/comments?post=60362"}],"version-history":[{"count":1,"href":"https:\/\/www.bgamstetten.ac.at\/index.php\/wp-json\/wp\/v2\/posts\/60362\/revisions"}],"predecessor-version":[{"id":60364,"href":"https:\/\/www.bgamstetten.ac.at\/index.php\/wp-json\/wp\/v2\/posts\/60362\/revisions\/60364"}],"wp:featuredmedia":[{"embeddable":true,"href":"https:\/\/www.bgamstetten.ac.at\/index.php\/wp-json\/wp\/v2\/media\/60363"}],"wp:attachment":[{"href":"https:\/\/www.bgamstetten.ac.at\/index.php\/wp-json\/wp\/v2\/media?parent=60362"}],"wp:term":[{"taxonomy":"category","embeddable":true,"href":"https:\/\/www.bgamstetten.ac.at\/index.php\/wp-json\/wp\/v2\/categories?post=60362"},{"taxonomy":"post_tag","embeddable":true,"href":"https:\/\/www.bgamstetten.ac.at\/index.php\/wp-json\/wp\/v2\/tags?post=60362"}],"curies":[{"name":"wp","href":"https:\/\/api.w.org\/{rel}","templated":true}]}}