{"id":60140,"date":"2025-12-05T23:51:00","date_gmt":"2025-12-05T22:51:00","guid":{"rendered":"https:\/\/www.bgamstetten.ac.at\/?p=60140"},"modified":"2025-12-10T07:55:59","modified_gmt":"2025-12-10T06:55:59","slug":"tag-der-offenen-tuer-2025","status":"publish","type":"post","link":"https:\/\/www.bgamstetten.ac.at\/index.php\/2025\/12\/05\/tag-der-offenen-tuer-2025\/","title":{"rendered":"Tag der offenen T\u00fcr 2025"},"content":{"rendered":"<style type=\"text\/css\"><\/style>\n<p>Unz\u00e4hlige interessierte Besucherinnen und Besucher kamen am <strong>5.12.<\/strong> in das Gymnasium, um sich am <strong>Tag der offenen T\u00fcr<\/strong> \u00fcber unsere Schule zu informieren und einen aufregenden <strong>Nachmittag mit vielen Aktivit\u00e4ten<\/strong> zu erleben. Begr\u00fc\u00dft wurden die jungen G\u00e4ste von Direktor und Schulchor. <\/p>\n\n\n\n<p>Nach <strong>F\u00fchrungen<\/strong>, die <strong>von engagierten<\/strong> <strong>Sch\u00fclerinnen und Sch\u00fclern der Oberstufe<\/strong> durchgef\u00fchrt wurden, konnten die jungen G\u00e4ste in verschiedenen Stationen Highlights des BG Amstetten erleben. <\/p>\n\n\n\n<p>Ob<strong> naturwissenschaftliche Experimente, englisches Theater<\/strong> oder <strong>Spiel und Spa\u00df in<\/strong> <strong>IT<\/strong>-, <strong>Musik<\/strong>&#8211; und <strong>Turnsaal<\/strong>, es boten Sch\u00fclerinnen und Sch\u00fcler mit ihren Lehrkr\u00e4ften einen bunten Einblick in die <strong>vielen Aktivit\u00e4ten des Gymnasiums<\/strong>. <\/p>\n\n\n\n<p>Den aufregenden Nachmittag lie\u00dfen auch viele bei einem <strong>k\u00f6stlichen Buffet<\/strong> ausklingen, informierten sich \u00fcber die Oberstufe, die <strong>Nachmittagsbetreuung <\/strong>oder kamen mit den vielen Mitwirkenden der Schulgemeinschaft ins Gespr\u00e4ch, sofern bei den vielen Attraktionen und Mitmachgelegenheiten Zeit blieb.<\/p>\n\n\n\n<p>Besonderer Dank gilt der Firma<strong> OFFBEAT Holding GmbH<\/strong> f\u00fcr das gro\u00dfz\u00fcgige Sponsoring!<\/p>\n\n\n\n<p><a href=\"https:\/\/www.bgamstetten.ac.at\/index.php\/schule\/anmeldung\/\" data-type=\"page\" data-id=\"302\"><strong>Hier finden Sie weitere Informationen zu Anmelde- und Schnupperm\u00f6glichkeiten!<\/strong><\/a><\/p>\n\n\n\n<p class=\"has-text-align-right\">MMag. Sengschmid Micha<\/p>\n\n\n<div class=\"sgdg-gallery-container\" data-sgdg-hash=\"4f73f3e173e50638a9147fe73810170616d1e9b85f71459facbc42397f32f26c\"><div class=\"sgdg-loading\"><div><\/div><\/div><\/div>","protected":false},"excerpt":{"rendered":"<p>Unz\u00e4hlige interessierte Besucherinnen und Besucher kamen am 5.12. in das Gymnasium, um sich am Tag der offenen T\u00fcr \u00fcber unsere Schule zu informieren und einen aufregenden Nachmittag mit vielen Aktivit\u00e4ten zu erleben. Begr\u00fc\u00dft wurden die jungen G\u00e4ste von Direktor und Schulchor. Nach F\u00fchrungen, die von engagierten Sch\u00fclerinnen und Sch\u00fclern der Oberstufe durchgef\u00fchrt wurden, konnten die&#8230;<\/p>\n","protected":false},"author":14,"featured_media":60141,"comment_status":"closed","ping_status":"closed","sticky":false,"template":"","format":"standard","meta":{"footnotes":""},"categories":[123,13,3,9],"tags":[],"class_list":["post-60140","post","type-post","status-publish","format-standard","has-post-thumbnail","hentry","category-123","category-aktuelles","category-allgemein","category-gesunde-schule"],"_links":{"self":[{"href":"https:\/\/www.bgamstetten.ac.at\/index.php\/wp-json\/wp\/v2\/posts\/60140","targetHints":{"allow":["GET"]}}],"collection":[{"href":"https:\/\/www.bgamstetten.ac.at\/index.php\/wp-json\/wp\/v2\/posts"}],"about":[{"href":"https:\/\/www.bgamstetten.ac.at\/index.php\/wp-json\/wp\/v2\/types\/post"}],"author":[{"embeddable":true,"href":"https:\/\/www.bgamstetten.ac.at\/index.php\/wp-json\/wp\/v2\/users\/14"}],"replies":[{"embeddable":true,"href":"https:\/\/www.bgamstetten.ac.at\/index.php\/wp-json\/wp\/v2\/comments?post=60140"}],"version-history":[{"count":2,"href":"https:\/\/www.bgamstetten.ac.at\/index.php\/wp-json\/wp\/v2\/posts\/60140\/revisions"}],"predecessor-version":[{"id":60149,"href":"https:\/\/www.bgamstetten.ac.at\/index.php\/wp-json\/wp\/v2\/posts\/60140\/revisions\/60149"}],"wp:featuredmedia":[{"embeddable":true,"href":"https:\/\/www.bgamstetten.ac.at\/index.php\/wp-json\/wp\/v2\/media\/60141"}],"wp:attachment":[{"href":"https:\/\/www.bgamstetten.ac.at\/index.php\/wp-json\/wp\/v2\/media?parent=60140"}],"wp:term":[{"taxonomy":"category","embeddable":true,"href":"https:\/\/www.bgamstetten.ac.at\/index.php\/wp-json\/wp\/v2\/categories?post=60140"},{"taxonomy":"post_tag","embeddable":true,"href":"https:\/\/www.bgamstetten.ac.at\/index.php\/wp-json\/wp\/v2\/tags?post=60140"}],"curies":[{"name":"wp","href":"https:\/\/api.w.org\/{rel}","templated":true}]}}