{"id":60123,"date":"2025-12-09T08:06:00","date_gmt":"2025-12-09T07:06:00","guid":{"rendered":"https:\/\/www.bgamstetten.ac.at\/?p=60123"},"modified":"2025-12-09T08:39:39","modified_gmt":"2025-12-09T07:39:39","slug":"spielerisch-latein-lernen-die-3-klassen-entdecken-die-welt-der-roemer","status":"publish","type":"post","link":"https:\/\/www.bgamstetten.ac.at\/index.php\/2025\/12\/09\/spielerisch-latein-lernen-die-3-klassen-entdecken-die-welt-der-roemer\/","title":{"rendered":"Spielerisch Latein lernen: Die 3. Klassen entdecken die Welt der R\u00f6mer"},"content":{"rendered":"<style type=\"text\/css\"><\/style>\n<p>Einen angenehmen Start in das Fach Latein hatten die Sch\u00fclerinnen und Sch\u00fcler der 3. Klassen. Mit einem brandneuen Schulbuch sowie dem neuen Unterstufenlehrplan war der Einstieg in die lateinische Sprache heuer besonders spannend. Nachdem die interessierten Sch\u00fcler:innen in den vergangenen Monaten bereits die ersten Deklinationen erlernt und einen kleinen Grundwortschatz aufgebaut hatten, wurden auch die ersten lateinischen Texte zum Alltagsleben der alten R\u00f6mer schon mit gro\u00dfem Eifer \u00fcbersetzt.<\/p>\n\n\n\n<p>Einen noch anschaulicheren Einblick ins Alte Rom bekamen die Jugendlichen durch die schuleigenen Modelle des Kolosseums und anderer antiker Bauwerke, welche als Grundlage f\u00fcr ein kniffliges Quiz dienten.&nbsp;<\/p>\n\n\n\n<p>Frei nach dem Motto <em>\u201eVariatio delectat\u201c<\/em> lernte die Parallelgruppe einstweilen auf spielerische Art und Weise die verschiedenen G\u00f6ttinnen und G\u00f6tter des Olymps kennen und tauchte so in die griechisch-r\u00f6mische Mythologie ein, die neben der r\u00f6mischen Geschichte ebenfalls ein wesentlicher Bestandteil des lateinischen Anfangsunterrichts ist.<\/p>\n\n\n\n<p class=\"has-text-align-right\"><em>Mag. Kurt Marcik, BA und Dr. Astrid Schuller<\/em><\/p>\n\n\n<div class=\"sgdg-gallery-container\" data-sgdg-hash=\"321fd21729a233fb9f427a0d9206de5b943a3ca7e381be195a5ea7f252bf98b6\"><div class=\"sgdg-loading\"><div><\/div><\/div><\/div>","protected":false},"excerpt":{"rendered":"<p>Einen angenehmen Start in das Fach Latein hatten die Sch\u00fclerinnen und Sch\u00fcler der 3. Klassen. Mit einem brandneuen Schulbuch sowie dem neuen Unterstufenlehrplan war der Einstieg in die lateinische Sprache heuer besonders spannend. Nachdem die interessierten Sch\u00fcler:innen in den vergangenen Monaten bereits die ersten Deklinationen erlernt und einen kleinen Grundwortschatz aufgebaut hatten, wurden auch die&#8230;<\/p>\n","protected":false},"author":14,"featured_media":60124,"comment_status":"closed","ping_status":"closed","sticky":false,"template":"","format":"standard","meta":{"footnotes":""},"categories":[123,13,8],"tags":[],"class_list":["post-60123","post","type-post","status-publish","format-standard","has-post-thumbnail","hentry","category-123","category-aktuelles","category-sprachen"],"_links":{"self":[{"href":"https:\/\/www.bgamstetten.ac.at\/index.php\/wp-json\/wp\/v2\/posts\/60123","targetHints":{"allow":["GET"]}}],"collection":[{"href":"https:\/\/www.bgamstetten.ac.at\/index.php\/wp-json\/wp\/v2\/posts"}],"about":[{"href":"https:\/\/www.bgamstetten.ac.at\/index.php\/wp-json\/wp\/v2\/types\/post"}],"author":[{"embeddable":true,"href":"https:\/\/www.bgamstetten.ac.at\/index.php\/wp-json\/wp\/v2\/users\/14"}],"replies":[{"embeddable":true,"href":"https:\/\/www.bgamstetten.ac.at\/index.php\/wp-json\/wp\/v2\/comments?post=60123"}],"version-history":[{"count":1,"href":"https:\/\/www.bgamstetten.ac.at\/index.php\/wp-json\/wp\/v2\/posts\/60123\/revisions"}],"predecessor-version":[{"id":60125,"href":"https:\/\/www.bgamstetten.ac.at\/index.php\/wp-json\/wp\/v2\/posts\/60123\/revisions\/60125"}],"wp:featuredmedia":[{"embeddable":true,"href":"https:\/\/www.bgamstetten.ac.at\/index.php\/wp-json\/wp\/v2\/media\/60124"}],"wp:attachment":[{"href":"https:\/\/www.bgamstetten.ac.at\/index.php\/wp-json\/wp\/v2\/media?parent=60123"}],"wp:term":[{"taxonomy":"category","embeddable":true,"href":"https:\/\/www.bgamstetten.ac.at\/index.php\/wp-json\/wp\/v2\/categories?post=60123"},{"taxonomy":"post_tag","embeddable":true,"href":"https:\/\/www.bgamstetten.ac.at\/index.php\/wp-json\/wp\/v2\/tags?post=60123"}],"curies":[{"name":"wp","href":"https:\/\/api.w.org\/{rel}","templated":true}]}}