{"id":60116,"date":"2025-12-08T20:20:00","date_gmt":"2025-12-08T19:20:00","guid":{"rendered":"https:\/\/www.bgamstetten.ac.at\/?p=60116"},"modified":"2025-12-09T08:43:45","modified_gmt":"2025-12-09T07:43:45","slug":"intensives-ski-trainingscamp-2-in-hinterstoder","status":"publish","type":"post","link":"https:\/\/www.bgamstetten.ac.at\/index.php\/2025\/12\/08\/intensives-ski-trainingscamp-2-in-hinterstoder\/","title":{"rendered":"Intensives Ski-Trainingscamp 2 in Hinterstoder"},"content":{"rendered":"<style type=\"text\/css\"><\/style>\n<p>Vom <strong>6. bis 8. Dezember 2025<\/strong> fand in Kooperation mit dem <strong>ESV Umdasch Amstetten Sektion Ski<\/strong> das zweite Trainingscamp in <strong>Hinterstoder<\/strong> statt.<\/p>\n\n\n\n<p>Insgesamt nahmen 30 Kinder &amp; Jugendliche und 6 Begleitpersonen teil. Bei <strong>sehr guten Wetter- und Pistenbedingungen<\/strong> lag der Fokus auf dem <strong>Riesentorlauf- und Techniktraining<\/strong>. Es konnten einige L\u00e4ufe absolviert werden, wodurch die Sch\u00fcler\/innen wieder mehr Sicherheit zwischen den Toren bekommen haben.<\/p>\n\n\n\n<p>Parallel dazu, wurden die <strong>neun Sch\u00fcler\/innen <\/strong>der <strong>Begleitskilehrerausbildung <\/strong>wieder intensiv von <strong>Mag. Andreas Lahmer <\/strong>unterrichtet. Im Mittelpunkt stand die <strong>Methodik des \u00f6sterreichischen Skilehrwegs<\/strong>, die in Theorie und Praxis durchgenommen wurde.<\/p>\n\n\n\n<p>Als <strong>n\u00e4chster Schritt <\/strong>in der Ausbildung stehen nun die <strong>Methodik-Lehrauftritte <\/strong>der Sch\u00fcler\/innen am <strong>17. Dezember<\/strong> beim Gemeinschaftsskitag der 1. und 2. Klassen an. Hier k\u00f6nnen sie ihr Wissen und K\u00f6nnen somit direkt in der Praxis unter Beweis stellen.<\/p>\n\n\n\n<p>Sch\u00f6n war auch, dass <strong>ehemalige Sch\u00fcler\/innen <\/strong>uns auch nach ihrer schulischen Laufbahn weiterhin <strong>als Trainer\/innen tatkr\u00e4ftig unterst\u00fctzen<\/strong>. Danke Lisi und Matthias!<\/p>\n\n\n\n<p>Das dreit\u00e4gige Camp verlief <strong>reibungslos und unfallfrei<\/strong>. Nach drei intensiven, aber erfolgreichen Trainingstagen wurden alle Sch\u00fclerinnen und Sch\u00fcler wohlauf den Eltern zur\u00fcckgebracht. Danke nochmals an alle Trainer\/innen und Begleitpersonen &#8211; allen voran Gregor Breinl!<\/p>\n\n\n\n<p class=\"has-text-align-right\"><em>Mag. Andreas Lahmer<\/em><\/p>\n\n\n\n<p><\/p>\n\n\n<div class=\"sgdg-gallery-container\" data-sgdg-hash=\"d329016071599be090e14de810a0dbf24ff1e9c9c9cde459c42089cfd827f8fd\"><div class=\"sgdg-loading\"><div><\/div><\/div><\/div>","protected":false},"excerpt":{"rendered":"<p>Vom 6. bis 8. Dezember 2025 fand in Kooperation mit dem ESV Umdasch Amstetten Sektion Ski das zweite Trainingscamp in Hinterstoder statt. Insgesamt nahmen 30 Kinder &amp; Jugendliche und 6 Begleitpersonen teil. Bei sehr guten Wetter- und Pistenbedingungen lag der Fokus auf dem Riesentorlauf- und Techniktraining. Es konnten einige L\u00e4ufe absolviert werden, wodurch die Sch\u00fcler\/innen&#8230;<\/p>\n","protected":false},"author":14,"featured_media":60120,"comment_status":"closed","ping_status":"closed","sticky":false,"template":"","format":"standard","meta":{"footnotes":""},"categories":[123,13,4,83],"tags":[],"class_list":["post-60116","post","type-post","status-publish","format-standard","has-post-thumbnail","hentry","category-123","category-aktuelles","category-sportliches","category-ski-am-gym"],"_links":{"self":[{"href":"https:\/\/www.bgamstetten.ac.at\/index.php\/wp-json\/wp\/v2\/posts\/60116","targetHints":{"allow":["GET"]}}],"collection":[{"href":"https:\/\/www.bgamstetten.ac.at\/index.php\/wp-json\/wp\/v2\/posts"}],"about":[{"href":"https:\/\/www.bgamstetten.ac.at\/index.php\/wp-json\/wp\/v2\/types\/post"}],"author":[{"embeddable":true,"href":"https:\/\/www.bgamstetten.ac.at\/index.php\/wp-json\/wp\/v2\/users\/14"}],"replies":[{"embeddable":true,"href":"https:\/\/www.bgamstetten.ac.at\/index.php\/wp-json\/wp\/v2\/comments?post=60116"}],"version-history":[{"count":2,"href":"https:\/\/www.bgamstetten.ac.at\/index.php\/wp-json\/wp\/v2\/posts\/60116\/revisions"}],"predecessor-version":[{"id":60126,"href":"https:\/\/www.bgamstetten.ac.at\/index.php\/wp-json\/wp\/v2\/posts\/60116\/revisions\/60126"}],"wp:featuredmedia":[{"embeddable":true,"href":"https:\/\/www.bgamstetten.ac.at\/index.php\/wp-json\/wp\/v2\/media\/60120"}],"wp:attachment":[{"href":"https:\/\/www.bgamstetten.ac.at\/index.php\/wp-json\/wp\/v2\/media?parent=60116"}],"wp:term":[{"taxonomy":"category","embeddable":true,"href":"https:\/\/www.bgamstetten.ac.at\/index.php\/wp-json\/wp\/v2\/categories?post=60116"},{"taxonomy":"post_tag","embeddable":true,"href":"https:\/\/www.bgamstetten.ac.at\/index.php\/wp-json\/wp\/v2\/tags?post=60116"}],"curies":[{"name":"wp","href":"https:\/\/api.w.org\/{rel}","templated":true}]}}