{"id":60002,"date":"2025-11-13T19:13:00","date_gmt":"2025-11-13T18:13:00","guid":{"rendered":"https:\/\/www.bgamstetten.ac.at\/?p=60002"},"modified":"2025-11-24T07:17:05","modified_gmt":"2025-11-24T06:17:05","slug":"was-fuer-ein-theaterabend-in-amstetten","status":"publish","type":"post","link":"https:\/\/www.bgamstetten.ac.at\/index.php\/2025\/11\/13\/was-fuer-ein-theaterabend-in-amstetten\/","title":{"rendered":"Was f\u00fcr ein Theater\u2026abend in Amstetten!"},"content":{"rendered":"<style type=\"text\/css\"><\/style>\n<p>Am Abend des 13. November traf sich die 5a-Klasse, begleitet von ihrer Deutsch-Lehrerin Frau Professor Reisinger, zu einem gemeinsamen kulturellen Ausflug. Der Beginn des Abends f\u00fchrte uns in ein Burger-Lokal, was sofort f\u00fcr eine entspannte und angenehme Stimmung sorgte.&nbsp;<\/p>\n\n\n\n<p>Gut gest\u00e4rkt f\u00fchrte der Weg anschlie\u00dfend in die Johann-P\u00f6lz-Halle, wo die Theaterauff\u00fchrung \u201eKunst\u201c auf dem Programm stand, die im Rahmen der 70. Amstettner Kulturwochen inszeniert wurde. In dem St\u00fcck ging es um eine langj\u00e4hrige Freundschaft der Protagonisten; Marc, Serge und Yvan; die dabei immer wieder auf die Probe gestellt worden war. Als einer der drei ein Bild \u2013 komplett in Wei\u00df \u2013 um 200&nbsp;000 Franc erworben hatte, kam es zu heftigen Auseinandersetzungen, die sie an den Rand der Verzweiflung brachten.<\/p>\n\n\n\n<p>Die kom\u00f6diantische Vorstellung war unterhaltsam und hat viele von uns positiv \u00fcberrascht. Ganz besonders gefallen hat uns, dass der ehemalige Absolvent unserer Schule, J\u00fcrgen Heigl, als eine der Hauptpersonen auf der B\u00fchne stand und uns schauspielerisch wirklich sehr beeindruckt hat!<\/p>\n\n\n\n<p class=\"has-text-align-right\"><em>Jana Krieger, 5a<\/em><\/p>\n\n\n<div class=\"sgdg-gallery-container\" data-sgdg-hash=\"c2b5f3b87c1f6bbcbfcda0116ec5b9d8e1544ea07b8c3cf087309b8abe83a153\"><div class=\"sgdg-loading\"><div><\/div><\/div><\/div>\n\n\n<p><\/p>\n","protected":false},"excerpt":{"rendered":"<p>Am Abend des 13. November traf sich die 5a-Klasse, begleitet von ihrer Deutsch-Lehrerin Frau Professor Reisinger, zu einem gemeinsamen kulturellen Ausflug. Der Beginn des Abends f\u00fchrte uns in ein Burger-Lokal, was sofort f\u00fcr eine entspannte und angenehme Stimmung sorgte.&nbsp; Gut gest\u00e4rkt f\u00fchrte der Weg anschlie\u00dfend in die Johann-P\u00f6lz-Halle, wo die Theaterauff\u00fchrung \u201eKunst\u201c auf dem Programm&#8230;<\/p>\n","protected":false},"author":14,"featured_media":60003,"comment_status":"closed","ping_status":"closed","sticky":false,"template":"","format":"standard","meta":{"footnotes":""},"categories":[123,13,8],"tags":[],"class_list":["post-60002","post","type-post","status-publish","format-standard","has-post-thumbnail","hentry","category-123","category-aktuelles","category-sprachen"],"_links":{"self":[{"href":"https:\/\/www.bgamstetten.ac.at\/index.php\/wp-json\/wp\/v2\/posts\/60002","targetHints":{"allow":["GET"]}}],"collection":[{"href":"https:\/\/www.bgamstetten.ac.at\/index.php\/wp-json\/wp\/v2\/posts"}],"about":[{"href":"https:\/\/www.bgamstetten.ac.at\/index.php\/wp-json\/wp\/v2\/types\/post"}],"author":[{"embeddable":true,"href":"https:\/\/www.bgamstetten.ac.at\/index.php\/wp-json\/wp\/v2\/users\/14"}],"replies":[{"embeddable":true,"href":"https:\/\/www.bgamstetten.ac.at\/index.php\/wp-json\/wp\/v2\/comments?post=60002"}],"version-history":[{"count":1,"href":"https:\/\/www.bgamstetten.ac.at\/index.php\/wp-json\/wp\/v2\/posts\/60002\/revisions"}],"predecessor-version":[{"id":60004,"href":"https:\/\/www.bgamstetten.ac.at\/index.php\/wp-json\/wp\/v2\/posts\/60002\/revisions\/60004"}],"wp:featuredmedia":[{"embeddable":true,"href":"https:\/\/www.bgamstetten.ac.at\/index.php\/wp-json\/wp\/v2\/media\/60003"}],"wp:attachment":[{"href":"https:\/\/www.bgamstetten.ac.at\/index.php\/wp-json\/wp\/v2\/media?parent=60002"}],"wp:term":[{"taxonomy":"category","embeddable":true,"href":"https:\/\/www.bgamstetten.ac.at\/index.php\/wp-json\/wp\/v2\/categories?post=60002"},{"taxonomy":"post_tag","embeddable":true,"href":"https:\/\/www.bgamstetten.ac.at\/index.php\/wp-json\/wp\/v2\/tags?post=60002"}],"curies":[{"name":"wp","href":"https:\/\/api.w.org\/{rel}","templated":true}]}}