{"id":59921,"date":"2025-11-14T11:14:11","date_gmt":"2025-11-14T10:14:11","guid":{"rendered":"https:\/\/www.bgamstetten.ac.at\/?p=59921"},"modified":"2025-11-20T11:19:12","modified_gmt":"2025-11-20T10:19:12","slug":"auf-dem-weg-zum-sportinstruktor-3","status":"publish","type":"post","link":"https:\/\/www.bgamstetten.ac.at\/index.php\/2025\/11\/14\/auf-dem-weg-zum-sportinstruktor-3\/","title":{"rendered":"Auf dem Weg zum Sportinstruktor\u2026"},"content":{"rendered":"<style type=\"text\/css\"><\/style>\n<p>\u2026machten vom 9. bis 14. November 14 Sch\u00fclerinnen und Sch\u00fcler aus der 8bs mit dem Lehrerteam um Mag. Klaus Vogl und Mag. Thomas Resel wie gewohnt im BSFZ Obertraun Station.<\/p>\n\n\n\n<p>Gemeinsam mit der Gruppe aus dem Stiftsgymnasium Melk von Mag. Werner Simoner genossen wir wieder eine \u00e4u\u00dferst intensive Woche auf hohem sportwissenschaftlichem Niveau. Ein ausgewogener Mix aus Theorie- und Praxiseinheiten sorgte f\u00fcr Abwechslung und half beim Verarbeiten und Abspeichern der Informationen.<\/p>\n\n\n\n<p>Die Tage begannen stets um 8:30, gut gest\u00e4rkt nach einem ausgiebigen Fr\u00fchst\u00fcck, und endeten nach der Abendeinheit gegen 20:30. Das gemeinsam mit den BSPA-Vortragenden Mag. Florian Retter und Mag. Stefan Zierhofer gestaltete Programm reichte von Krafttraining mit einer knackigen Hypertrophiesession, die so manchem K\u00f6rper etwas l\u00e4nger in Erinnerung blieb, \u00fcber Koordinationstraining, bei dem die Gehirnwindungen nur so rauchten, bis zum Ausdauer- und Lauftechniktraining.<\/p>\n\n\n\n<p>Weitere Highlights waren die Einheit zu Atemtechniken inklusive Eisbads, die Workshops zum Kinesiotaping und zum Differenziellen Lernen und die Lehrauftritte der Sch\u00fclerinnen und Sch\u00fcler, bei denen sie wertvolles Feedback in Blickrichtung Pr\u00fcfung bekamen. Im Rahmen der Einheiten zur Bewegungslehre \/ Biomechanik und zur Sportbiologie wurden die Sch\u00fclerinnen und Sch\u00fcler gezielt auf die Pr\u00fcfung, die quasi als Weihnachtsgeschenk, am 22.12. stattfinden wird, vorbereitet.<\/p>\n\n\n\n<p>Wir w\u00fcnschen unseren engagierten Sch\u00fclerinnen und Sch\u00fclern schon jetzt alles Gute daf\u00fcr!<\/p>\n\n\n\n<p class=\"has-text-align-right\"><em>Mag. Klaus Vogl<\/em><\/p>\n\n\n<div class=\"sgdg-gallery-container\" data-sgdg-hash=\"b2c605f9b85b8351f7695968ef0653ab33c63819833e5d3a9719bcd52d69b617\"><div class=\"sgdg-loading\"><div><\/div><\/div><\/div>","protected":false},"excerpt":{"rendered":"<p>\u2026machten vom 9. bis 14. November 14 Sch\u00fclerinnen und Sch\u00fcler aus der 8bs mit dem Lehrerteam um Mag. Klaus Vogl und Mag. Thomas Resel wie gewohnt im BSFZ Obertraun Station. Gemeinsam mit der Gruppe aus dem Stiftsgymnasium Melk von Mag. Werner Simoner genossen wir wieder eine \u00e4u\u00dferst intensive Woche auf hohem sportwissenschaftlichem Niveau. Ein ausgewogener&#8230;<\/p>\n","protected":false},"author":13,"featured_media":59922,"comment_status":"closed","ping_status":"closed","sticky":false,"template":"","format":"standard","meta":{"footnotes":""},"categories":[123,13,4],"tags":[92],"class_list":["post-59921","post","type-post","status-publish","format-standard","has-post-thumbnail","hentry","category-123","category-aktuelles","category-sportliches","tag-sportinstruktor"],"_links":{"self":[{"href":"https:\/\/www.bgamstetten.ac.at\/index.php\/wp-json\/wp\/v2\/posts\/59921","targetHints":{"allow":["GET"]}}],"collection":[{"href":"https:\/\/www.bgamstetten.ac.at\/index.php\/wp-json\/wp\/v2\/posts"}],"about":[{"href":"https:\/\/www.bgamstetten.ac.at\/index.php\/wp-json\/wp\/v2\/types\/post"}],"author":[{"embeddable":true,"href":"https:\/\/www.bgamstetten.ac.at\/index.php\/wp-json\/wp\/v2\/users\/13"}],"replies":[{"embeddable":true,"href":"https:\/\/www.bgamstetten.ac.at\/index.php\/wp-json\/wp\/v2\/comments?post=59921"}],"version-history":[{"count":1,"href":"https:\/\/www.bgamstetten.ac.at\/index.php\/wp-json\/wp\/v2\/posts\/59921\/revisions"}],"predecessor-version":[{"id":59923,"href":"https:\/\/www.bgamstetten.ac.at\/index.php\/wp-json\/wp\/v2\/posts\/59921\/revisions\/59923"}],"wp:featuredmedia":[{"embeddable":true,"href":"https:\/\/www.bgamstetten.ac.at\/index.php\/wp-json\/wp\/v2\/media\/59922"}],"wp:attachment":[{"href":"https:\/\/www.bgamstetten.ac.at\/index.php\/wp-json\/wp\/v2\/media?parent=59921"}],"wp:term":[{"taxonomy":"category","embeddable":true,"href":"https:\/\/www.bgamstetten.ac.at\/index.php\/wp-json\/wp\/v2\/categories?post=59921"},{"taxonomy":"post_tag","embeddable":true,"href":"https:\/\/www.bgamstetten.ac.at\/index.php\/wp-json\/wp\/v2\/tags?post=59921"}],"curies":[{"name":"wp","href":"https:\/\/api.w.org\/{rel}","templated":true}]}}