{"id":59288,"date":"2025-09-03T11:36:19","date_gmt":"2025-09-03T09:36:19","guid":{"rendered":"https:\/\/www.bgamstetten.ac.at\/?p=59288"},"modified":"2025-09-06T11:41:52","modified_gmt":"2025-09-06T09:41:52","slug":"kennenlerntag-der-1-klassen-4","status":"publish","type":"post","link":"https:\/\/www.bgamstetten.ac.at\/index.php\/2025\/09\/03\/kennenlerntag-der-1-klassen-4\/","title":{"rendered":"Kennenlerntag der 1. Klassen"},"content":{"rendered":"<style type=\"text\/css\"><\/style>\n<p>Unter der Leitung von Mag. Resnitschek gestalteten die PeermediatorInnen aus den siebten Klassen wieder den ersten Mittwoch im neuen Schuljahr f\u00fcr die j\u00fcngsten Mitglieder unserer Schulgemeinschaft. &nbsp;Die Peers organisierten und planten f\u00fcr die Kinder im Sinne des Kennenlernens verschiedene Spiele und Aktivit\u00e4ten. Neben den Schulf\u00fchrungen in Kleingruppen war auch die Gestaltung eines klasseneigenen Plakates zur St\u00e4rkung der Gemeinschaft ein Highlight. Die Kinder konnten dabei sich selbst und auch ihre neuen KlassenkameradInnen besser kennenlernen, aber auch etwas \u00fcber ihre neue Schule erfahren.<\/p>\n\n\n\n<p class=\"has-text-align-right\"><em>Mag. Maria Resnitschek<\/em><\/p>\n\n\n<div class=\"sgdg-gallery-container\" data-sgdg-hash=\"fd1df1ece0bf130be3eb9efad207a415a9fe5bef9acccdd8fd23391bd39b684a\"><div class=\"sgdg-loading\"><div><\/div><\/div><\/div>","protected":false},"excerpt":{"rendered":"<p>Unter der Leitung von Mag. Resnitschek gestalteten die PeermediatorInnen aus den siebten Klassen wieder den ersten Mittwoch im neuen Schuljahr f\u00fcr die j\u00fcngsten Mitglieder unserer Schulgemeinschaft. &nbsp;Die Peers organisierten und planten f\u00fcr die Kinder im Sinne des Kennenlernens verschiedene Spiele und Aktivit\u00e4ten. Neben den Schulf\u00fchrungen in Kleingruppen war auch die Gestaltung eines klasseneigenen Plakates zur&#8230;<\/p>\n","protected":false},"author":14,"featured_media":59289,"comment_status":"closed","ping_status":"closed","sticky":false,"template":"","format":"standard","meta":{"footnotes":""},"categories":[123,13,3],"tags":[],"class_list":["post-59288","post","type-post","status-publish","format-standard","has-post-thumbnail","hentry","category-123","category-aktuelles","category-allgemein"],"_links":{"self":[{"href":"https:\/\/www.bgamstetten.ac.at\/index.php\/wp-json\/wp\/v2\/posts\/59288","targetHints":{"allow":["GET"]}}],"collection":[{"href":"https:\/\/www.bgamstetten.ac.at\/index.php\/wp-json\/wp\/v2\/posts"}],"about":[{"href":"https:\/\/www.bgamstetten.ac.at\/index.php\/wp-json\/wp\/v2\/types\/post"}],"author":[{"embeddable":true,"href":"https:\/\/www.bgamstetten.ac.at\/index.php\/wp-json\/wp\/v2\/users\/14"}],"replies":[{"embeddable":true,"href":"https:\/\/www.bgamstetten.ac.at\/index.php\/wp-json\/wp\/v2\/comments?post=59288"}],"version-history":[{"count":1,"href":"https:\/\/www.bgamstetten.ac.at\/index.php\/wp-json\/wp\/v2\/posts\/59288\/revisions"}],"predecessor-version":[{"id":59290,"href":"https:\/\/www.bgamstetten.ac.at\/index.php\/wp-json\/wp\/v2\/posts\/59288\/revisions\/59290"}],"wp:featuredmedia":[{"embeddable":true,"href":"https:\/\/www.bgamstetten.ac.at\/index.php\/wp-json\/wp\/v2\/media\/59289"}],"wp:attachment":[{"href":"https:\/\/www.bgamstetten.ac.at\/index.php\/wp-json\/wp\/v2\/media?parent=59288"}],"wp:term":[{"taxonomy":"category","embeddable":true,"href":"https:\/\/www.bgamstetten.ac.at\/index.php\/wp-json\/wp\/v2\/categories?post=59288"},{"taxonomy":"post_tag","embeddable":true,"href":"https:\/\/www.bgamstetten.ac.at\/index.php\/wp-json\/wp\/v2\/tags?post=59288"}],"curies":[{"name":"wp","href":"https:\/\/api.w.org\/{rel}","templated":true}]}}