{"id":59252,"date":"2025-09-01T20:54:59","date_gmt":"2025-09-01T18:54:59","guid":{"rendered":"https:\/\/www.bgamstetten.ac.at\/?p=59252"},"modified":"2025-09-10T08:19:23","modified_gmt":"2025-09-10T06:19:23","slug":"respekt-mutig-ins-neue-schuljahr","status":"publish","type":"post","link":"https:\/\/www.bgamstetten.ac.at\/index.php\/2025\/09\/01\/respekt-mutig-ins-neue-schuljahr\/","title":{"rendered":"Respekt: Mutig ins neue Schuljahr"},"content":{"rendered":"<style type=\"text\/css\"><\/style>\n<p>Mit einem stimmungsvollen Wortgottesdienst unter freiem Himmel startete die gesamte Schulgemeinschaft am 1. September 2025 bewusst gemeinsam ins neue Schuljahr.<\/p>\n\n\n\n<p>Musikalisch eindrucksvoll begleitet von unseren Musikp\u00e4dagoginnen und Musikp\u00e4dagogen, betonte Pastor Kolck-Thudt in seiner Ansprache die Bedeutung des gegenseitigen Zuh\u00f6rens als Grundlage f\u00fcr ein gelungenes Miteinander.<\/p>\n\n\n\n<p>Direktor Spreitz hie\u00df am Ende des Gottesdienstes alle neuen Sch\u00fclerInnen der Schulgemeinschaft herzlich willkommen und stellte das diesj\u00e4hrige Schulmotto vor:<br>\u201eMut w\u00e4chst, wo Respekt lebt.\u201c<\/p>\n\n\n\n<p>Ein besonderes musikalisches Highlight boten zwei Sch\u00fclerinnen und Sch\u00fcler der achten Klasse mit ihrer gef\u00fchlvollen Interpretation von <em>Thinking Out Loud<\/em> \u2013 ein musikalisches Willkommensgeschenk f\u00fcr alle neuen Gesichter an unserer Schule.Zum Abschluss erklang <em>Respect<\/em> von Aretha Franklin \u2013 eine kraftvolle musikalische Botschaft und ein motivierender Auftakt f\u00fcr ein neues Schuljahr 2025\/26, das ganz im Zeichen des respektvollen Miteinanders steht.<\/p>\n\n\n\n<p class=\"has-text-align-right\"><\/p>\n\n\n<div class=\"sgdg-gallery-container\" data-sgdg-hash=\"bb8a0d3e9ce312ba6b45c7b932db70d6e7e96a738ab530a67f70269dd2e8ac37\"><div class=\"sgdg-loading\"><div><\/div><\/div><\/div>","protected":false},"excerpt":{"rendered":"<p>Mit einem stimmungsvollen Wortgottesdienst unter freiem Himmel startete die gesamte Schulgemeinschaft am 1. September 2025 bewusst gemeinsam ins neue Schuljahr. Musikalisch eindrucksvoll begleitet von unseren Musikp\u00e4dagoginnen und Musikp\u00e4dagogen, betonte Pastor Kolck-Thudt in seiner Ansprache die Bedeutung des gegenseitigen Zuh\u00f6rens als Grundlage f\u00fcr ein gelungenes Miteinander. Direktor Spreitz hie\u00df am Ende des Gottesdienstes alle neuen Sch\u00fclerInnen&#8230;<\/p>\n","protected":false},"author":13,"featured_media":59314,"comment_status":"closed","ping_status":"closed","sticky":false,"template":"","format":"standard","meta":{"footnotes":""},"categories":[123,13],"tags":[34],"class_list":["post-59252","post","type-post","status-publish","format-standard","has-post-thumbnail","hentry","category-123","category-aktuelles","tag-backtoschool"],"_links":{"self":[{"href":"https:\/\/www.bgamstetten.ac.at\/index.php\/wp-json\/wp\/v2\/posts\/59252","targetHints":{"allow":["GET"]}}],"collection":[{"href":"https:\/\/www.bgamstetten.ac.at\/index.php\/wp-json\/wp\/v2\/posts"}],"about":[{"href":"https:\/\/www.bgamstetten.ac.at\/index.php\/wp-json\/wp\/v2\/types\/post"}],"author":[{"embeddable":true,"href":"https:\/\/www.bgamstetten.ac.at\/index.php\/wp-json\/wp\/v2\/users\/13"}],"replies":[{"embeddable":true,"href":"https:\/\/www.bgamstetten.ac.at\/index.php\/wp-json\/wp\/v2\/comments?post=59252"}],"version-history":[{"count":2,"href":"https:\/\/www.bgamstetten.ac.at\/index.php\/wp-json\/wp\/v2\/posts\/59252\/revisions"}],"predecessor-version":[{"id":59316,"href":"https:\/\/www.bgamstetten.ac.at\/index.php\/wp-json\/wp\/v2\/posts\/59252\/revisions\/59316"}],"wp:featuredmedia":[{"embeddable":true,"href":"https:\/\/www.bgamstetten.ac.at\/index.php\/wp-json\/wp\/v2\/media\/59314"}],"wp:attachment":[{"href":"https:\/\/www.bgamstetten.ac.at\/index.php\/wp-json\/wp\/v2\/media?parent=59252"}],"wp:term":[{"taxonomy":"category","embeddable":true,"href":"https:\/\/www.bgamstetten.ac.at\/index.php\/wp-json\/wp\/v2\/categories?post=59252"},{"taxonomy":"post_tag","embeddable":true,"href":"https:\/\/www.bgamstetten.ac.at\/index.php\/wp-json\/wp\/v2\/tags?post=59252"}],"curies":[{"name":"wp","href":"https:\/\/api.w.org\/{rel}","templated":true}]}}