{"id":59174,"date":"2025-06-18T09:51:30","date_gmt":"2025-06-18T07:51:30","guid":{"rendered":"https:\/\/www.bgamstetten.ac.at\/?p=59174"},"modified":"2025-07-04T10:07:02","modified_gmt":"2025-07-04T08:07:02","slug":"ein-tag-in-der-natur-die-1d-klasse-erkundet-den-stadtwald-forstheide","status":"publish","type":"post","link":"https:\/\/www.bgamstetten.ac.at\/index.php\/2025\/06\/18\/ein-tag-in-der-natur-die-1d-klasse-erkundet-den-stadtwald-forstheide\/","title":{"rendered":"Ein Tag in der Natur \u2013 Die 1D-Klasse erkundet den Stadtwald Forstheide"},"content":{"rendered":"<style type=\"text\/css\"><\/style>\n<p>Am 18. Juni tauschte die 1D-Klasse das Klassenzimmer gegen den gr\u00fcnen Lernraum des Stadtwaldes Forstheide. Gemeinsam mit ihrem Klassenvorstand Mag. Teufel und ihrer GWB-Lehrerin Mag. Pils verbrachten die Sch\u00fclerinnen und Sch\u00fcler einen abwechslungsreichen Projekttag in der Natur \u2013 voller Entdeckungen, Spiel und gemeinsamer Erlebnisse.<\/p>\n\n\n\n<p>Begleitet wurden sie von den beiden Waldp\u00e4dagoginnen Mag. Gudrun Schwarz und Barbara Laumer, die nicht nur mit viel Fachwissen und spannenden Materialien, sondern auch mit Becherlupen und Keschern ausgestattet waren. Gemeinsam gingen sie mit der Klasse auf Spurensuche und erkundeten sowohl den Wald als auch die nahegelegene Ybbs und deren tierische Bewohner.<\/p>\n\n\n\n<p>Der Vormittag war abwechslungsreich gestaltet: Es wurde beobachtet, gesammelt, gestaunt, gejausnet und nat\u00fcrlich auch gespielt. So bot der Tag nicht nur lehrreiche Einblicke in die heimische Tier- und Pflanzenwelt, sondern auch viel Zeit f\u00fcr Bewegung, Teamarbeit und das bewusste Erleben der Natur.<\/p>\n\n\n\n<p>Ein besonderes Dankesch\u00f6n gilt der Stadtgemeinde Amstetten, die die Teilnehmergeb\u00fchr f\u00fcr das Naturvermittlungsprogramm \u00fcbernommen hat und so diesen gelungenen Ausflug erm\u00f6glicht hat.<\/p>\n\n\n\n<p class=\"has-text-align-right\"><em>Mag. Simone Pils<\/em><\/p>\n\n\n<div class=\"sgdg-gallery-container\" data-sgdg-hash=\"5fb2b41ff275969da46e3f50b2157064e6c4cc3552077cda1c1d0726e6f313ff\"><div class=\"sgdg-loading\"><div><\/div><\/div><\/div>\n\n\n<p><\/p>\n","protected":false},"excerpt":{"rendered":"<p>Am 18. Juni tauschte die 1D-Klasse das Klassenzimmer gegen den gr\u00fcnen Lernraum des Stadtwaldes Forstheide. Gemeinsam mit ihrem Klassenvorstand Mag. Teufel und ihrer GWB-Lehrerin Mag. Pils verbrachten die Sch\u00fclerinnen und Sch\u00fcler einen abwechslungsreichen Projekttag in der Natur \u2013 voller Entdeckungen, Spiel und gemeinsamer Erlebnisse. Begleitet wurden sie von den beiden Waldp\u00e4dagoginnen Mag. Gudrun Schwarz und&#8230;<\/p>\n","protected":false},"author":14,"featured_media":59175,"comment_status":"closed","ping_status":"closed","sticky":false,"template":"","format":"standard","meta":{"footnotes":""},"categories":[119,13,4,9,17,1],"tags":[],"class_list":["post-59174","post","type-post","status-publish","format-standard","has-post-thumbnail","hentry","category-119","category-aktuelles","category-sportliches","category-gesunde-schule","category-nawi","category-uncategorized"],"_links":{"self":[{"href":"https:\/\/www.bgamstetten.ac.at\/index.php\/wp-json\/wp\/v2\/posts\/59174","targetHints":{"allow":["GET"]}}],"collection":[{"href":"https:\/\/www.bgamstetten.ac.at\/index.php\/wp-json\/wp\/v2\/posts"}],"about":[{"href":"https:\/\/www.bgamstetten.ac.at\/index.php\/wp-json\/wp\/v2\/types\/post"}],"author":[{"embeddable":true,"href":"https:\/\/www.bgamstetten.ac.at\/index.php\/wp-json\/wp\/v2\/users\/14"}],"replies":[{"embeddable":true,"href":"https:\/\/www.bgamstetten.ac.at\/index.php\/wp-json\/wp\/v2\/comments?post=59174"}],"version-history":[{"count":1,"href":"https:\/\/www.bgamstetten.ac.at\/index.php\/wp-json\/wp\/v2\/posts\/59174\/revisions"}],"predecessor-version":[{"id":59176,"href":"https:\/\/www.bgamstetten.ac.at\/index.php\/wp-json\/wp\/v2\/posts\/59174\/revisions\/59176"}],"wp:featuredmedia":[{"embeddable":true,"href":"https:\/\/www.bgamstetten.ac.at\/index.php\/wp-json\/wp\/v2\/media\/59175"}],"wp:attachment":[{"href":"https:\/\/www.bgamstetten.ac.at\/index.php\/wp-json\/wp\/v2\/media?parent=59174"}],"wp:term":[{"taxonomy":"category","embeddable":true,"href":"https:\/\/www.bgamstetten.ac.at\/index.php\/wp-json\/wp\/v2\/categories?post=59174"},{"taxonomy":"post_tag","embeddable":true,"href":"https:\/\/www.bgamstetten.ac.at\/index.php\/wp-json\/wp\/v2\/tags?post=59174"}],"curies":[{"name":"wp","href":"https:\/\/api.w.org\/{rel}","templated":true}]}}