{"id":59037,"date":"2025-06-18T19:46:40","date_gmt":"2025-06-18T17:46:40","guid":{"rendered":"https:\/\/www.bgamstetten.ac.at\/?p=59037"},"modified":"2025-06-23T19:50:32","modified_gmt":"2025-06-23T17:50:32","slug":"erste-hilfe-und-rotes-kreuz-beim-gesundheitstag","status":"publish","type":"post","link":"https:\/\/www.bgamstetten.ac.at\/index.php\/2025\/06\/18\/erste-hilfe-und-rotes-kreuz-beim-gesundheitstag\/","title":{"rendered":"Erste Hilfe und Rotes Kreuz beim Gesundheitstag"},"content":{"rendered":"<style type=\"text\/css\"><\/style>\n<p>Der Gesundheitstag am 18.06.2025 stand ganz im Zeichen gesunder Ern\u00e4hrung. Die Klassen 2a und 2d hatten dar\u00fcber hinaus jedoch die M\u00f6glichkeit, fit in Erster Hilfe zu werden und einen Rettungswagen des Roten Kreuzes zu erkunden.<\/p>\n\n\n\n<p>Im Rahmen eines einst\u00fcndigen Trainings mit dem Erste Hilfe-Lehrbeauftragten Mag. Kurt Marcik lernten die Sch\u00fclerinnen und Sch\u00fcler, wie man einer regungslosen Person schnell und sicher helfen kann.<\/p>\n\n\n\n<p>Vom Erkennen eines Notfalls, \u00fcber den Notfallcheck, das Absetzen eines Notrufes bis hin zum \u00dcben der Stabilen Seitenlage sowie der Herz-Lungen-Wiederbelebung trainierten die Jugendlichen f\u00fcr den Ernstfall. Dabei wurde auch der Einsatz eines Defibrillators ge\u00fcbt. Den Sch\u00fcler:innen wurde bei diesem Reanimationstraining bewusst, dass Erste Hilfe kinderleicht ist und man nichts falsch machen kann \u2013 au\u00dfer nichts zu tun \u2013 und dass es bei einem echten Notfall aber auf jede Sekunde ankommt.<\/p>\n\n\n\n<p>Zudem hatten die Jugendlichen die M\u00f6glichkeit, einen Rettungswagen von innen zu entdecken.<\/p>\n\n\n\n<p>Die zwei Sanit\u00e4ter:innen vom Roten Kreuz Amstetten, von denen eine erst vor zwei Jahren an unserer Schule maturiert hatte, boten den Kindern einen spannenden Einblick in den Alltag eines Sanit\u00e4ters. Dabei durften sie viele der Ger\u00e4tschaften auch selbst ausprobieren bzw. die Perspektive des Patienten einnehmen: Trage, Tragsessel, das Messen von Blutdruck, Blutzucker und Sauerstoffs\u00e4ttigung. Auch ein Blick in den gro\u00dfen und schweren Notfallrucksack der Sanit\u00e4ter durfte nicht fehlen.<\/p>\n\n\n\n<p>Wir bedanken uns an dieser Stelle sehr herzlich bei Stefan Kirchhofer und Jasmin Huber vom Roten Kreuz Amstetten f\u00fcr die professionelle und sehr kurzweilige Vorstellung ihrer Arbeit!<\/p>\n\n\n\n<p>Nach dem Erste Hilfe-Grundkurs f\u00fcr Sch\u00fcler:innen der Oberstufe im Herbst, der Einschulung des Lehrerkollegiums auf den neuen schuleigenen Defibrillator sowie einer kurzen Einheit \u201eErste Hilfe outdoor\u201c mit der 3d beim Wandertag war dieser Workshop ein weiterer Beweis, dass das Thema Erste Hilfe am BG\/BRG Amstetten gro\u00dfgeschrieben wird.F\u00fcr dieses Engagement wurde unserer Schule vom Jugendrotkreuz heuer bereits zum 9. Mal in Folge das <strong>G\u00fctesiegel \u201eErste Hilfe FIT\u201c<\/strong> verliehen.<\/p>\n\n\n\n<p class=\"has-text-align-right\"><em>Mag. Kurt Marcik, BA<\/em><br><em>(Erste Hilfe-Lehrbeauftragter und Jugendrotkreuz-Schulreferent)<\/em><\/p>\n\n\n<div class=\"sgdg-gallery-container\" data-sgdg-hash=\"be073892370c3588674e646986633a9c6a764adcf1e12ce0e4e8d01c7301c6f7\"><div class=\"sgdg-loading\"><div><\/div><\/div><\/div>","protected":false},"excerpt":{"rendered":"<p>Der Gesundheitstag am 18.06.2025 stand ganz im Zeichen gesunder Ern\u00e4hrung. Die Klassen 2a und 2d hatten dar\u00fcber hinaus jedoch die M\u00f6glichkeit, fit in Erster Hilfe zu werden und einen Rettungswagen des Roten Kreuzes zu erkunden. Im Rahmen eines einst\u00fcndigen Trainings mit dem Erste Hilfe-Lehrbeauftragten Mag. Kurt Marcik lernten die Sch\u00fclerinnen und Sch\u00fcler, wie man einer&#8230;<\/p>\n","protected":false},"author":13,"featured_media":59038,"comment_status":"closed","ping_status":"closed","sticky":false,"template":"","format":"standard","meta":{"footnotes":""},"categories":[119,13,3],"tags":[],"class_list":["post-59037","post","type-post","status-publish","format-standard","has-post-thumbnail","hentry","category-119","category-aktuelles","category-allgemein"],"_links":{"self":[{"href":"https:\/\/www.bgamstetten.ac.at\/index.php\/wp-json\/wp\/v2\/posts\/59037","targetHints":{"allow":["GET"]}}],"collection":[{"href":"https:\/\/www.bgamstetten.ac.at\/index.php\/wp-json\/wp\/v2\/posts"}],"about":[{"href":"https:\/\/www.bgamstetten.ac.at\/index.php\/wp-json\/wp\/v2\/types\/post"}],"author":[{"embeddable":true,"href":"https:\/\/www.bgamstetten.ac.at\/index.php\/wp-json\/wp\/v2\/users\/13"}],"replies":[{"embeddable":true,"href":"https:\/\/www.bgamstetten.ac.at\/index.php\/wp-json\/wp\/v2\/comments?post=59037"}],"version-history":[{"count":1,"href":"https:\/\/www.bgamstetten.ac.at\/index.php\/wp-json\/wp\/v2\/posts\/59037\/revisions"}],"predecessor-version":[{"id":59039,"href":"https:\/\/www.bgamstetten.ac.at\/index.php\/wp-json\/wp\/v2\/posts\/59037\/revisions\/59039"}],"wp:featuredmedia":[{"embeddable":true,"href":"https:\/\/www.bgamstetten.ac.at\/index.php\/wp-json\/wp\/v2\/media\/59038"}],"wp:attachment":[{"href":"https:\/\/www.bgamstetten.ac.at\/index.php\/wp-json\/wp\/v2\/media?parent=59037"}],"wp:term":[{"taxonomy":"category","embeddable":true,"href":"https:\/\/www.bgamstetten.ac.at\/index.php\/wp-json\/wp\/v2\/categories?post=59037"},{"taxonomy":"post_tag","embeddable":true,"href":"https:\/\/www.bgamstetten.ac.at\/index.php\/wp-json\/wp\/v2\/tags?post=59037"}],"curies":[{"name":"wp","href":"https:\/\/api.w.org\/{rel}","templated":true}]}}