{"id":58628,"date":"2025-05-22T00:54:00","date_gmt":"2025-05-21T22:54:00","guid":{"rendered":"https:\/\/www.bgamstetten.ac.at\/?p=58628"},"modified":"2025-05-23T10:17:12","modified_gmt":"2025-05-23T08:17:12","slug":"mtb-enduro-school-race-wexl-trails","status":"publish","type":"post","link":"https:\/\/www.bgamstetten.ac.at\/index.php\/2025\/05\/22\/mtb-enduro-school-race-wexl-trails\/","title":{"rendered":"MTB Enduro School Race &#8211; Wexl Trails"},"content":{"rendered":"<style type=\"text\/css\"><\/style>\n<p>Am Donnerstag, den 22. Mai 2025, stellten sich wir, insgesamt<strong> sechs Sch\u00fcler aus der Ober- und Unterstufe<\/strong>, einer besonderen sportlichen Herausforderung: dem <a href=\"https:\/\/www.wexltrails.at\/de\/aktuelles-events\/events\/wexl-school-race-2025\" data-type=\"link\" data-id=\"https:\/\/www.wexltrails.at\/de\/aktuelles-events\/events\/wexl-school-race-2025\" target=\"_blank\" rel=\"noopener\"><strong>Mountainbike Enduro-Rennen<\/strong><\/a> auf der <strong>Flowtrail-Strecke<\/strong> in<strong> St. Corona am Wechsel<\/strong>.<\/p>\n\n\n\n<p>Nach einer langen Anreise (2h) mit dem Schulbus und einem Fahrradanh\u00e4nger konnten wir trotz <strong>gro\u00dfer Motivation<\/strong> und <strong>vollem Einsatz<\/strong> leider keinen Stockerlplatz erreichen. Der <strong>Ehrgeiz <\/strong>war dennoch sp\u00fcrbar und der <strong>Teamgeist <\/strong>untereinander beeindruckend. Trotz einsetzendem Regen beim Rennen gaben wir unser Bestes. Wir tasteten uns an unser pers\u00f6nliches Limit heran und meisterten die Strecke zum Gl\u00fcck ohne St\u00fcrze.<\/p>\n\n\n\n<p>Ein besonderes Highlight abseits des Rennens war f\u00fcr uns die sogenannte <strong>Jumpline <\/strong>\u2013 eine Strecke mit gro\u00dfen Spr\u00fcngen, die sowohl Mut als auch fahrerisches K\u00f6nnen forderte und f\u00fcr jede Menge Spa\u00df sorgte.<\/p>\n\n\n\n<p>Ein herzliches Dankesch\u00f6n auch an das <a href=\"https:\/\/www.taxi-sitz.at\" target=\"_blank\" rel=\"noopener\"><strong>Taxiunternehmen Sitz<\/strong><\/a>, das uns gro\u00dfz\u00fcgigerweise einen Fahrradanh\u00e4nger zur Verf\u00fcgung gestellt hat und damit die Teilnahme \u00fcberhaupt erst erm\u00f6glicht hatte.<\/p>\n\n\n\n<p>Im Gro\u00dfen und Ganzen war es f\u00fcr uns ein<strong> gelungener Tag am Mountainbike voller Action, Adrenalin<\/strong> und <strong>sportlicher Herausforderung<\/strong>. Wir freuen uns schon jetzt auf eine m\u00f6gliche Wiederholung im n\u00e4chsten Jahr!<\/p>\n\n\n\n<p class=\"has-text-align-right\">Moritz Bernkopf, David M\u00fchlbachler, Leonhard Zehetner (alle 4c)<br>Tristan Freihammer (5bs), Noah Breinl (6bs), Paul Tschak (7bs)<\/p>\n\n\n\n<p class=\"has-text-align-right\"><a href=\"https:\/\/drive.google.com\/file\/d\/17I87A8SYvp6WSKKtu6OIRzNjB1C2ksxx\/view?usp=sharing\" data-type=\"link\" data-id=\"https:\/\/drive.google.com\/file\/d\/17I87A8SYvp6WSKKtu6OIRzNjB1C2ksxx\/view?usp=sharing\" target=\"_blank\" rel=\"noopener\">Hier finden Sie die Ergebnisse<\/a>\u00a0\u00a0<\/p>\n\n\n<div class=\"sgdg-gallery-container\" data-sgdg-hash=\"163f2d7791133c08afc5acd4cf6b7232fde61829ea42c946cc20e6abab1a2cdc\"><div class=\"sgdg-loading\"><div><\/div><\/div><\/div>","protected":false},"excerpt":{"rendered":"<p>Am Donnerstag, den 22. Mai 2025, stellten sich wir, insgesamt sechs Sch\u00fcler aus der Ober- und Unterstufe, einer besonderen sportlichen Herausforderung: dem Mountainbike Enduro-Rennen auf der Flowtrail-Strecke in St. Corona am Wechsel. Nach einer langen Anreise (2h) mit dem Schulbus und einem Fahrradanh\u00e4nger konnten wir trotz gro\u00dfer Motivation und vollem Einsatz leider keinen Stockerlplatz erreichen&#8230;.<\/p>\n","protected":false},"author":14,"featured_media":58629,"comment_status":"closed","ping_status":"closed","sticky":false,"template":"","format":"standard","meta":{"footnotes":""},"categories":[119,13,4],"tags":[],"class_list":["post-58628","post","type-post","status-publish","format-standard","has-post-thumbnail","hentry","category-119","category-aktuelles","category-sportliches"],"_links":{"self":[{"href":"https:\/\/www.bgamstetten.ac.at\/index.php\/wp-json\/wp\/v2\/posts\/58628","targetHints":{"allow":["GET"]}}],"collection":[{"href":"https:\/\/www.bgamstetten.ac.at\/index.php\/wp-json\/wp\/v2\/posts"}],"about":[{"href":"https:\/\/www.bgamstetten.ac.at\/index.php\/wp-json\/wp\/v2\/types\/post"}],"author":[{"embeddable":true,"href":"https:\/\/www.bgamstetten.ac.at\/index.php\/wp-json\/wp\/v2\/users\/14"}],"replies":[{"embeddable":true,"href":"https:\/\/www.bgamstetten.ac.at\/index.php\/wp-json\/wp\/v2\/comments?post=58628"}],"version-history":[{"count":2,"href":"https:\/\/www.bgamstetten.ac.at\/index.php\/wp-json\/wp\/v2\/posts\/58628\/revisions"}],"predecessor-version":[{"id":58633,"href":"https:\/\/www.bgamstetten.ac.at\/index.php\/wp-json\/wp\/v2\/posts\/58628\/revisions\/58633"}],"wp:featuredmedia":[{"embeddable":true,"href":"https:\/\/www.bgamstetten.ac.at\/index.php\/wp-json\/wp\/v2\/media\/58629"}],"wp:attachment":[{"href":"https:\/\/www.bgamstetten.ac.at\/index.php\/wp-json\/wp\/v2\/media?parent=58628"}],"wp:term":[{"taxonomy":"category","embeddable":true,"href":"https:\/\/www.bgamstetten.ac.at\/index.php\/wp-json\/wp\/v2\/categories?post=58628"},{"taxonomy":"post_tag","embeddable":true,"href":"https:\/\/www.bgamstetten.ac.at\/index.php\/wp-json\/wp\/v2\/tags?post=58628"}],"curies":[{"name":"wp","href":"https:\/\/api.w.org\/{rel}","templated":true}]}}