{"id":58625,"date":"2025-05-21T21:50:00","date_gmt":"2025-05-21T19:50:00","guid":{"rendered":"https:\/\/www.bgamstetten.ac.at\/?p=58625"},"modified":"2025-06-04T15:56:09","modified_gmt":"2025-06-04T13:56:09","slug":"praxisnaher-gwb-unterricht-frau-wagner-von-der-sunshine-gallery-zu-besuch-in-der-4d-und-2c","status":"publish","type":"post","link":"https:\/\/www.bgamstetten.ac.at\/index.php\/2025\/05\/21\/praxisnaher-gwb-unterricht-frau-wagner-von-der-sunshine-gallery-zu-besuch-in-der-4d-und-2c\/","title":{"rendered":"Praxisnaher GWB-Unterricht: Frau Wagner von der Sunshine Gallery zu Besuch in der 4D und 2C"},"content":{"rendered":"<style type=\"text\/css\"><\/style>\n<p>Am 21. Mai durften die 4D und die 2C-Klasse einen besonderen Gast begr\u00fc\u00dfen: Frau Wagner, Unternehmerin, Einzelhandelskauffrau und Inhaberin der <strong>Sunshine Gallery<\/strong>, besuchte unsere Schule, um wirtschaftliche Themen aus dem Unterricht mit anschaulichen Beispielen aus der Praxis zu bereichern.<\/p>\n\n\n\n<p><strong>Zu Beginn ihres Vortrags sprach Frau Wagner \u00fcber die Standortfaktoren<\/strong>, die f\u00fcr die Gr\u00fcndung und F\u00fchrung eines Unternehmens entscheidend sind. Anhand der Sunshine Gallery erkl\u00e4rte sie anschaulich, welche \u00dcberlegungen bei der Wahl eines geeigneten Standorts eine Rolle spielen \u2013 wie z.\u202fB. N\u00e4he zu Kundinnen und Kunden, Infrastruktur, Mitbewerb oder regionale Gegebenheiten.<\/p>\n\n\n\n<p>Im Anschluss standen die <strong>Produktionsfaktoren<\/strong> im Mittelpunkt, die sie ebenfalls auf ihr Unternehmen bezog. Dabei wurde deutlich, wie eng wirtschaftliches Denken mit unternehmerischem Handeln verbunden ist.&nbsp;<\/p>\n\n\n\n<p>Besonderen Wert legt Frau Wagner auf <strong>Regionalit\u00e4t, Upcycling und Nachhaltigkeit<\/strong> \u2013 Werte, die sich konsequent in allen Produkten der Sunshine Gallery widerspiegeln. Um dies greifbar zu machen, brachte sie eine Auswahl ihrer <strong>kreativen, nachhaltigen Produkte<\/strong> mit, die von den Sch\u00fclerinnen und Sch\u00fclern <strong>verkostet und begutachtet<\/strong> werden durften. Das kam bei beiden Klassen sehr gut an und sorgte f\u00fcr lebhafte Diskussionen.<\/p>\n\n\n\n<p>Zum Abschluss wurde noch \u00fcber wichtige gesellschaftliche Themen wie <strong>kritischer Konsum, Massenproduktion, Kinderarbeit<\/strong> sowie die Bedeutung von <strong>Regionalit\u00e4t und nachhaltigem Wirtschaften<\/strong> gesprochen. Dabei entstand ein reger Austausch, der viele zum Nachdenken anregte.<\/p>\n\n\n\n<p>Wir bedanken uns herzlich bei <strong>Frau Wagner<\/strong> f\u00fcr ihren Besuch und den spannenden Einblick in ihre Arbeit! Solche praxisnahen Einheiten machen Unterricht lebendig und zeigen, wie theoretisches Wissen im echten Leben angewendet wird.<\/p>\n\n\n<div class=\"sgdg-gallery-container\" data-sgdg-hash=\"d8b001df77663d9c4eeb734ffd717e32449b0ee95e9c50336e67076a760c22d5\"><div class=\"sgdg-loading\"><div><\/div><\/div><\/div>","protected":false},"excerpt":{"rendered":"<p>Am 21. Mai durften die 4D und die 2C-Klasse einen besonderen Gast begr\u00fc\u00dfen: Frau Wagner, Unternehmerin, Einzelhandelskauffrau und Inhaberin der Sunshine Gallery, besuchte unsere Schule, um wirtschaftliche Themen aus dem Unterricht mit anschaulichen Beispielen aus der Praxis zu bereichern. Zu Beginn ihres Vortrags sprach Frau Wagner \u00fcber die Standortfaktoren, die f\u00fcr die Gr\u00fcndung und F\u00fchrung&#8230;<\/p>\n","protected":false},"author":13,"featured_media":58626,"comment_status":"closed","ping_status":"closed","sticky":false,"template":"","format":"standard","meta":{"footnotes":""},"categories":[119,13,15],"tags":[],"class_list":["post-58625","post","type-post","status-publish","format-standard","has-post-thumbnail","hentry","category-119","category-aktuelles","category-wirtschaft-und-gesellschaft"],"_links":{"self":[{"href":"https:\/\/www.bgamstetten.ac.at\/index.php\/wp-json\/wp\/v2\/posts\/58625","targetHints":{"allow":["GET"]}}],"collection":[{"href":"https:\/\/www.bgamstetten.ac.at\/index.php\/wp-json\/wp\/v2\/posts"}],"about":[{"href":"https:\/\/www.bgamstetten.ac.at\/index.php\/wp-json\/wp\/v2\/types\/post"}],"author":[{"embeddable":true,"href":"https:\/\/www.bgamstetten.ac.at\/index.php\/wp-json\/wp\/v2\/users\/13"}],"replies":[{"embeddable":true,"href":"https:\/\/www.bgamstetten.ac.at\/index.php\/wp-json\/wp\/v2\/comments?post=58625"}],"version-history":[{"count":2,"href":"https:\/\/www.bgamstetten.ac.at\/index.php\/wp-json\/wp\/v2\/posts\/58625\/revisions"}],"predecessor-version":[{"id":58862,"href":"https:\/\/www.bgamstetten.ac.at\/index.php\/wp-json\/wp\/v2\/posts\/58625\/revisions\/58862"}],"wp:featuredmedia":[{"embeddable":true,"href":"https:\/\/www.bgamstetten.ac.at\/index.php\/wp-json\/wp\/v2\/media\/58626"}],"wp:attachment":[{"href":"https:\/\/www.bgamstetten.ac.at\/index.php\/wp-json\/wp\/v2\/media?parent=58625"}],"wp:term":[{"taxonomy":"category","embeddable":true,"href":"https:\/\/www.bgamstetten.ac.at\/index.php\/wp-json\/wp\/v2\/categories?post=58625"},{"taxonomy":"post_tag","embeddable":true,"href":"https:\/\/www.bgamstetten.ac.at\/index.php\/wp-json\/wp\/v2\/tags?post=58625"}],"curies":[{"name":"wp","href":"https:\/\/api.w.org\/{rel}","templated":true}]}}