{"id":58622,"date":"2025-05-22T21:44:00","date_gmt":"2025-05-22T19:44:00","guid":{"rendered":"https:\/\/www.bgamstetten.ac.at\/?p=58622"},"modified":"2025-05-26T21:31:44","modified_gmt":"2025-05-26T19:31:44","slug":"laufolympiade","status":"publish","type":"post","link":"https:\/\/www.bgamstetten.ac.at\/index.php\/2025\/05\/22\/laufolympiade\/","title":{"rendered":"\u00dcber 100 Teilnehmerinnen und Teilnehmer unserer Schule bei der Laufolympiade!"},"content":{"rendered":"<style type=\"text\/css\"><\/style>\n<p>Nach einem Jahr Pause meldete sich die Amstettner-Sparkassen-Laufolympiade, nun organisiert durch das Team vom ASV\u00d6-N\u00d6, am Donnerstag, 22.05.2025 in neuem Gewand zur\u00fcck, gab es doch diesmal als Goodie sch\u00f6ne Funktionsshirts statt der altbekannten Baumwoll-Leiberl und auch so manche andere Premiere.<\/p>\n\n\n\n<p>So wurden z.B. alle L\u00e4ufe schulintern ausgetragen, was nur bei den wenigsten ein positives Echo hervorrief. Daf\u00fcr fanden die zahlreichen Side-Events trotz anhaltenden Schn\u00fcrlregens durchaus Anklang.<\/p>\n\n\n\n<p>Auch leistungsm\u00e4\u00dfig auf der Sprintgeraden oder \u00fcber die 600m lie\u00dfen sich unsere Sch\u00fclerinnen und Sch\u00fcler nicht vom k\u00fchlen und nasskalten Regenwetter beirren und holten insgesamt 26 Medaillen. Die Vormachtstellung war vor allem im Mittelstreckenbewerb besonders gro\u00df, wo insgesamt 16 Medaillen, davon gleich 6 goldene, aufs BG\/BRG Amstetten \u2013 Konto wanderten.<\/p>\n\n\n\n<p>Gleich zwei Goldmedaillen lief Paulina Lindenhofer (5bs) in der Altersklasse W15 nach Hause. \u00c4hnlich erfolgreich war ihre Klassenkollegin Larissa Zehetgruber in der W14 mit Silber im 60m-Sprint und Gold \u00fcber die 600m. Ebenfalls zwei Medaillen, allerdings genau anders herum, holte hier Katharina Haider (4a), die im Sprint, mit Tagesbestzeit unter allen M\u00e4dchen, noch knapp die Nase vorne hatte, dann sich aber bei der Revanche auf der Zielgeraden des 600m-Laufs Larissa geschlagen geben musste. Mit Lisa Seibezeder (4d) auf Rang 3 gab es hier sogar einen Podium-Sweep f\u00fcr unsere Schule.<\/p>\n\n\n\n<p>Mit ebenfalls zwei laufolympischen Medaillen \u00fcberzeugte Dan Hiesleitner (4a) in der M14. Auf Silber im Sprint lie\u00df er noch Bronze \u00fcber die 600m folgen. In der M13 holte Maximilian Maurer (3d) zweimal Silber und bewies damit einmal mehr seine Vielseitigkeit. Im 600m-Lauf der W13 holte sich Tabea Haslauer (3c) die Goldmedaille. Noch besser das Ergebnis der W12, wo Sophia Rechenmacher (3a) mit Tagesbestzeit, Lena Kusolitsch (2d), Hannah Stixenberger (2b) und Maya Breinl (3d) in dieser Reihenfolge f\u00fcr einen Vierfach-Sieg sorgten. Auch die 600m der W11 und M11 wurden von unseren Sch\u00fclerinnen und Sch\u00fclern dominiert, Luisa Jetzinger (1a) und Moritz Lampl (1c) hie\u00dfen die Laufolympiasieger.<\/p>\n\n\n\n<p>Gratulation an alle Teilnehmerinnen und Teilnehmer und auf ein Neues im n\u00e4chsten Jahr!<\/p>\n\n\n\n<p class=\"has-text-align-right\"><em>Mag. Klaus Vogl<\/em><\/p>\n\n\n<div class=\"sgdg-gallery-container\" data-sgdg-hash=\"0fdcbdfa953d3fffa89c4b7d12133e65f2b9eac52e73549afb7833116b6e60ed\"><div class=\"sgdg-loading\"><div><\/div><\/div><\/div>","protected":false},"excerpt":{"rendered":"<p>Nach einem Jahr Pause meldete sich die Amstettner-Sparkassen-Laufolympiade, nun organisiert durch das Team vom ASV\u00d6-N\u00d6, am Donnerstag, 22.05.2025 in neuem Gewand zur\u00fcck, gab es doch diesmal als Goodie sch\u00f6ne Funktionsshirts statt der altbekannten Baumwoll-Leiberl und auch so manche andere Premiere. So wurden z.B. alle L\u00e4ufe schulintern ausgetragen, was nur bei den wenigsten ein positives Echo&#8230;<\/p>\n","protected":false},"author":13,"featured_media":58623,"comment_status":"closed","ping_status":"closed","sticky":false,"template":"","format":"standard","meta":{"footnotes":""},"categories":[119,13,4],"tags":[],"class_list":["post-58622","post","type-post","status-publish","format-standard","has-post-thumbnail","hentry","category-119","category-aktuelles","category-sportliches"],"_links":{"self":[{"href":"https:\/\/www.bgamstetten.ac.at\/index.php\/wp-json\/wp\/v2\/posts\/58622","targetHints":{"allow":["GET"]}}],"collection":[{"href":"https:\/\/www.bgamstetten.ac.at\/index.php\/wp-json\/wp\/v2\/posts"}],"about":[{"href":"https:\/\/www.bgamstetten.ac.at\/index.php\/wp-json\/wp\/v2\/types\/post"}],"author":[{"embeddable":true,"href":"https:\/\/www.bgamstetten.ac.at\/index.php\/wp-json\/wp\/v2\/users\/13"}],"replies":[{"embeddable":true,"href":"https:\/\/www.bgamstetten.ac.at\/index.php\/wp-json\/wp\/v2\/comments?post=58622"}],"version-history":[{"count":3,"href":"https:\/\/www.bgamstetten.ac.at\/index.php\/wp-json\/wp\/v2\/posts\/58622\/revisions"}],"predecessor-version":[{"id":58716,"href":"https:\/\/www.bgamstetten.ac.at\/index.php\/wp-json\/wp\/v2\/posts\/58622\/revisions\/58716"}],"wp:featuredmedia":[{"embeddable":true,"href":"https:\/\/www.bgamstetten.ac.at\/index.php\/wp-json\/wp\/v2\/media\/58623"}],"wp:attachment":[{"href":"https:\/\/www.bgamstetten.ac.at\/index.php\/wp-json\/wp\/v2\/media?parent=58622"}],"wp:term":[{"taxonomy":"category","embeddable":true,"href":"https:\/\/www.bgamstetten.ac.at\/index.php\/wp-json\/wp\/v2\/categories?post=58622"},{"taxonomy":"post_tag","embeddable":true,"href":"https:\/\/www.bgamstetten.ac.at\/index.php\/wp-json\/wp\/v2\/tags?post=58622"}],"curies":[{"name":"wp","href":"https:\/\/api.w.org\/{rel}","templated":true}]}}