{"id":58573,"date":"2025-05-16T11:00:00","date_gmt":"2025-05-16T09:00:00","guid":{"rendered":"https:\/\/www.bgamstetten.ac.at\/?p=58573"},"modified":"2025-05-20T16:56:22","modified_gmt":"2025-05-20T14:56:22","slug":"story-time-mit-der-amerikanischen-sprachassistentin-in-der-stadtbuecherei-amstetten","status":"publish","type":"post","link":"https:\/\/www.bgamstetten.ac.at\/index.php\/2025\/05\/16\/story-time-mit-der-amerikanischen-sprachassistentin-in-der-stadtbuecherei-amstetten\/","title":{"rendered":"\u201eStory Time\u201c mit der amerikanischen Sprachassistentin in der Stadtb\u00fccherei Amstetten"},"content":{"rendered":"<style type=\"text\/css\"><\/style>\n<p>Am Freitag, den 16. Mai 2025, fand f\u00fcr die Sch\u00fcler:innen der 1d Klasse ein ganz besonderes Spracherlebnis statt: Elizabeth Finnerty, die amerikanische Sprachassistentin der Schule, las in der <a href=\"https:\/\/buch.amstetten.at\/\" target=\"_blank\" rel=\"noopener\">Stadtb\u00fccherei Amstetten<\/a> aus einer Auswahl amerikanischer Kinder- und Jugendb\u00fccher aus dem \u201eAmerican Shelf\u201c vor.<\/p>\n\n\n\n<p>Mit viel Engagement und Charme brachte sie den jungen Zuh\u00f6rer:innen die englische Sprache n\u00e4her und weckte durch spannende Geschichten die Neugier auf fremde Kulturen und Ausdrucksweisen.<\/p>\n\n\n\n<p>Begleitend zur Lesung gab es ein kreatives Bastelangebot, das von einer Mitarbeiterin der B\u00fccherei betreut wurde. So konnten die Lesungen in Kleingruppen stattfinden und alle Kinder hatten die M\u00f6glichkeit, aktiv und konzentriert am Geschehen teilzunehmen.<\/p>\n\n\n\n<p>Im Anschluss an die \u201eStory Time\u201c durften die Sch\u00fcler:innen die B\u00fccherei selbstst\u00e4ndig erkunden und sich \u2013 auf Wunsch \u2013 gleich einen eigenen B\u00fcchereiausweis ausstellen lassen.<\/p>\n\n\n\n<p class=\"has-text-align-center\">Ein gelungener Vormittag, der nicht nur Sprachkompetenz, sondern auch Leselust und Kreativit\u00e4t f\u00f6rderte \u2013 vielen Dank an die Stadtb\u00fccherei Amstetten und Elizabeth Finnerty f\u00fcr diese tolle Zusammenarbeit!<\/p>\n\n\n\n<p class=\"has-text-align-right\"><em>Mag. Simone Pils<\/em><\/p>\n\n\n<div class=\"sgdg-gallery-container\" data-sgdg-hash=\"182a6d674d739ef8a3de24a0b842d9feb23e1249cfb69222ac6d81baae0f5a95\"><div class=\"sgdg-loading\"><div><\/div><\/div><\/div>","protected":false},"excerpt":{"rendered":"<p>Am Freitag, den 16. Mai 2025, fand f\u00fcr die Sch\u00fcler:innen der 1d Klasse ein ganz besonderes Spracherlebnis statt: Elizabeth Finnerty, die amerikanische Sprachassistentin der Schule, las in der Stadtb\u00fccherei Amstetten aus einer Auswahl amerikanischer Kinder- und Jugendb\u00fccher aus dem \u201eAmerican Shelf\u201c vor. Mit viel Engagement und Charme brachte sie den jungen Zuh\u00f6rer:innen die englische Sprache&#8230;<\/p>\n","protected":false},"author":13,"featured_media":58574,"comment_status":"closed","ping_status":"closed","sticky":false,"template":"","format":"standard","meta":{"footnotes":""},"categories":[119,13,8],"tags":[],"class_list":["post-58573","post","type-post","status-publish","format-standard","has-post-thumbnail","hentry","category-119","category-aktuelles","category-sprachen"],"_links":{"self":[{"href":"https:\/\/www.bgamstetten.ac.at\/index.php\/wp-json\/wp\/v2\/posts\/58573","targetHints":{"allow":["GET"]}}],"collection":[{"href":"https:\/\/www.bgamstetten.ac.at\/index.php\/wp-json\/wp\/v2\/posts"}],"about":[{"href":"https:\/\/www.bgamstetten.ac.at\/index.php\/wp-json\/wp\/v2\/types\/post"}],"author":[{"embeddable":true,"href":"https:\/\/www.bgamstetten.ac.at\/index.php\/wp-json\/wp\/v2\/users\/13"}],"replies":[{"embeddable":true,"href":"https:\/\/www.bgamstetten.ac.at\/index.php\/wp-json\/wp\/v2\/comments?post=58573"}],"version-history":[{"count":3,"href":"https:\/\/www.bgamstetten.ac.at\/index.php\/wp-json\/wp\/v2\/posts\/58573\/revisions"}],"predecessor-version":[{"id":58581,"href":"https:\/\/www.bgamstetten.ac.at\/index.php\/wp-json\/wp\/v2\/posts\/58573\/revisions\/58581"}],"wp:featuredmedia":[{"embeddable":true,"href":"https:\/\/www.bgamstetten.ac.at\/index.php\/wp-json\/wp\/v2\/media\/58574"}],"wp:attachment":[{"href":"https:\/\/www.bgamstetten.ac.at\/index.php\/wp-json\/wp\/v2\/media?parent=58573"}],"wp:term":[{"taxonomy":"category","embeddable":true,"href":"https:\/\/www.bgamstetten.ac.at\/index.php\/wp-json\/wp\/v2\/categories?post=58573"},{"taxonomy":"post_tag","embeddable":true,"href":"https:\/\/www.bgamstetten.ac.at\/index.php\/wp-json\/wp\/v2\/tags?post=58573"}],"curies":[{"name":"wp","href":"https:\/\/api.w.org\/{rel}","templated":true}]}}