{"id":58531,"date":"2025-05-16T08:26:54","date_gmt":"2025-05-16T06:26:54","guid":{"rendered":"https:\/\/www.bgamstetten.ac.at\/?p=58531"},"modified":"2025-05-20T07:39:02","modified_gmt":"2025-05-20T05:39:02","slug":"nass-nasser-night-run","status":"publish","type":"post","link":"https:\/\/www.bgamstetten.ac.at\/index.php\/2025\/05\/16\/nass-nasser-night-run\/","title":{"rendered":"Nass, nasser, Night Run!"},"content":{"rendered":"<style type=\"text\/css\"><\/style>\n<p>Am 16. Mai hie\u00df es mit Vollgas durch die Innenstadt! Und so traf sich eine kleine, jedoch bestens motivierte Gruppe am Freitag Nachmittag, um an den Start zu gehen.<\/p>\n\n\n\n<p>Die U12 hatte 1200 m und die U14 sogar schon 1500 m zu absolvieren.&nbsp;<\/p>\n\n\n\n<p>K\u00fchn Oskar aus der 2a lief in 5:44 f\u00fcr unsere Schule sogar auf den 3. Platz! Herzliche Gratulation!<\/p>\n\n\n\n<p>Etwas sp\u00e4ter an den Start gingen dann die Sch\u00fclerinnen und Sch\u00fcler aus der 5bs in der 3 x 800 m Staffel. Auf nasser Strecke wurde um jede Sekunde gefightet und obwohl die j\u00fcngeren Teilnehmerinnen aus anderen Teams am Start noch ganz vorne standen, so kannten unsere L\u00e4uferinnen und vor allem L\u00e4ufer keine Gnade und holten sich souver\u00e4n viele Stockerlpl\u00e4tze!&nbsp;<\/p>\n\n\n\n<p>Wir gratulieren herzlichst Langreiter Jonas, Malleier Michael und Handlbichler Tobias zum 1. Platz! Gefolgt von Freihammer Tristan, Karner Tobias und Asb\u00f6ck-Palfi Christian am 2. Platz. Lindenhofer Paulina, Paungarttner Livia und Geister Konstantin (\u201causgeborgt\u201d von den Rats) holten sich bei den mixed Staffeln ebenfalls den 1. Platz. Faux Viktoria, Wagner Lena und Gruber Johanna durften sich bei den Damen \u00fcber den 3. Platz freuen.&nbsp;<\/p>\n\n\n\n<p>Mag. Klaus Vogl zeigte trotz der (Halb-)Marathondistanzen der letzten Zeit auch wieder seine schnellen Beine und freute sich \u00fcber einen Sieg in der AK30. Zumindest zu schnell f\u00fcr seine Sportklasse, die somit eine interne KV-Klassen-Wette verlor &#8211; aber n\u00e4chstes Jahr gibt es bestimmt eine Revanche!&nbsp;<\/p>\n\n\n\n<p>Wir hoffen, die Torten der Podestpl\u00e4tze haben geschmeckt und die Kohlenhydratspeicher sind bereits wieder gut gef\u00fcllt!&nbsp;<\/p>\n\n\n\n<p>Es war auf jeden Fall ein tolles Event und gerade beim Staffelbewerb konnte man die Begeisterung und das Mitfiebern richtig sp\u00fcren, ganz egal, ob man nun vom Regen oder vor lauter Schwei\u00df komplett nass war!<\/p>\n\n\n\n<p>Ein Danke an Bernhard Keller und sein Team f\u00fcr dieses feine Lauffest!<\/p>\n\n\n\n<p>Weitere Infos und Ergebnisse gibt es unter <a href=\"https:\/\/www.night-run.at\/\" target=\"_blank\" rel=\"noopener\">https:\/\/www.night-run.at\/<\/a>.<\/p>\n\n\n\n<p class=\"has-text-align-right\"><em>Mag. Elke Wininger<\/em><\/p>\n\n\n<div class=\"sgdg-gallery-container\" data-sgdg-hash=\"ebf75d75956abb5e0f19114c193fd0862a081850d0b0f08011c1e6c335a971c4\"><div class=\"sgdg-loading\"><div><\/div><\/div><\/div>","protected":false},"excerpt":{"rendered":"<p>Am 16. Mai hie\u00df es mit Vollgas durch die Innenstadt! Und so traf sich eine kleine, jedoch bestens motivierte Gruppe am Freitag Nachmittag, um an den Start zu gehen. Die U12 hatte 1200 m und die U14 sogar schon 1500 m zu absolvieren.&nbsp; K\u00fchn Oskar aus der 2a lief in 5:44 f\u00fcr unsere Schule sogar&#8230;<\/p>\n","protected":false},"author":14,"featured_media":58534,"comment_status":"closed","ping_status":"closed","sticky":false,"template":"","format":"standard","meta":{"footnotes":""},"categories":[119,13,4,9],"tags":[],"class_list":["post-58531","post","type-post","status-publish","format-standard","has-post-thumbnail","hentry","category-119","category-aktuelles","category-sportliches","category-gesunde-schule"],"_links":{"self":[{"href":"https:\/\/www.bgamstetten.ac.at\/index.php\/wp-json\/wp\/v2\/posts\/58531","targetHints":{"allow":["GET"]}}],"collection":[{"href":"https:\/\/www.bgamstetten.ac.at\/index.php\/wp-json\/wp\/v2\/posts"}],"about":[{"href":"https:\/\/www.bgamstetten.ac.at\/index.php\/wp-json\/wp\/v2\/types\/post"}],"author":[{"embeddable":true,"href":"https:\/\/www.bgamstetten.ac.at\/index.php\/wp-json\/wp\/v2\/users\/14"}],"replies":[{"embeddable":true,"href":"https:\/\/www.bgamstetten.ac.at\/index.php\/wp-json\/wp\/v2\/comments?post=58531"}],"version-history":[{"count":2,"href":"https:\/\/www.bgamstetten.ac.at\/index.php\/wp-json\/wp\/v2\/posts\/58531\/revisions"}],"predecessor-version":[{"id":58567,"href":"https:\/\/www.bgamstetten.ac.at\/index.php\/wp-json\/wp\/v2\/posts\/58531\/revisions\/58567"}],"wp:featuredmedia":[{"embeddable":true,"href":"https:\/\/www.bgamstetten.ac.at\/index.php\/wp-json\/wp\/v2\/media\/58534"}],"wp:attachment":[{"href":"https:\/\/www.bgamstetten.ac.at\/index.php\/wp-json\/wp\/v2\/media?parent=58531"}],"wp:term":[{"taxonomy":"category","embeddable":true,"href":"https:\/\/www.bgamstetten.ac.at\/index.php\/wp-json\/wp\/v2\/categories?post=58531"},{"taxonomy":"post_tag","embeddable":true,"href":"https:\/\/www.bgamstetten.ac.at\/index.php\/wp-json\/wp\/v2\/tags?post=58531"}],"curies":[{"name":"wp","href":"https:\/\/api.w.org\/{rel}","templated":true}]}}