{"id":58439,"date":"2025-05-14T07:18:02","date_gmt":"2025-05-14T05:18:02","guid":{"rendered":"https:\/\/www.bgamstetten.ac.at\/?p=58439"},"modified":"2025-05-15T07:54:23","modified_gmt":"2025-05-15T05:54:23","slug":"padeln-im-sportunterricht","status":"publish","type":"post","link":"https:\/\/www.bgamstetten.ac.at\/index.php\/2025\/05\/14\/padeln-im-sportunterricht\/","title":{"rendered":"Padeln und Tennis im Sportunterricht"},"content":{"rendered":"<style type=\"text\/css\"><\/style>\n<p>Im Rahmen des Sportunterrichts hatten unsere Sch\u00fcler\/innen der 7. Klassen am Mi, den 14.05.2025 die Gelegenheit, Tennis und die <strong>Trendsportart Padel Tennis<\/strong> auf der Anlage des <a href=\"https:\/\/tc-greinsfurth.at\" data-type=\"link\" data-id=\"https:\/\/tc-greinsfurth.at\" target=\"_blank\" rel=\"noopener\"><strong>TC Greinsfurth<\/strong><\/a> und <a href=\"https:\/\/padel-gmbh.at\" target=\"_blank\" rel=\"noopener\"><strong>GWR Padel<\/strong><\/a> auszuprobieren. Die Sportklasse nahm die Herausforderung sportlich und lief gemeinsam zur Tennisanlage \u2013 eine gelungene Aufw\u00e4rmphase!<\/p>\n\n\n\n<p>Mit <strong>gro\u00dfer Begeisterung <\/strong>testeten die Jugendlichen das <strong>actionreiche Padel<\/strong>, das durch seine schnellen Ballwechsel und das <strong>Spiel im Glask\u00e4fig <\/strong>f\u00fcr viel Spa\u00df sorgte. Auch klassische Tennismatches standen auf dem Programm und erm\u00f6glichten allen, ihr K\u00f6nnen am Schl\u00e4ger unter Beweis zu stellen.<\/p>\n\n\n\n<p>Ein <strong>herzliches Dankesch\u00f6n <\/strong>geht an den <strong>Sportreferent des Vereins Michael Achleitner<\/strong>, der dieses besondere Angebot f\u00fcr unsere Sch\u00fcler\/innen m\u00f6glich gemacht hat. Es ist nicht selbstverst\u00e4ndlich, jungen Menschen so unkompliziert einen <strong>kosteng\u00fcnstigen Zugang zu Sportanlagen <\/strong>und <strong>neuen Sportarten <\/strong>zu erm\u00f6glichen.<\/p>\n\n\n\n<p>Die sportliche Abwechslung bei perfekten Wetter machte diesen Vormittag beim <a href=\"https:\/\/tc-greinsfurth.at\" target=\"_blank\" rel=\"noopener\"><strong>TC Greinsfurth <\/strong><\/a>und <a href=\"https:\/\/padel-gmbh.at\" target=\"_blank\" rel=\"noopener\"><strong>GWR Padel<\/strong><\/a> zu einem besonderen Erlebnis. Viele Sch\u00fcler\/innen zeigten Interesse, Padel auch zuk\u00fcnftig weiter auszuprobieren \u2013 vielleicht war dies ja der <strong>Startschuss f\u00fcr neue sportliche Leidenschaften<\/strong>!<\/p>\n\n\n\n<p class=\"has-text-align-right\"><em>Mag. Andreas Lahmer<\/em><\/p>\n\n\n\n<p><a href=\"https:\/\/drive.google.com\/drive\/folders\/1SOfBEunMHLp2q0Ogiu4uwjAqQv-Jtg0p?usp=sharing\" data-type=\"link\" data-id=\"https:\/\/drive.google.com\/drive\/folders\/1SOfBEunMHLp2q0Ogiu4uwjAqQv-Jtg0p?usp=sharing\" target=\"_blank\" rel=\"noopener\">Hier geht&#8217;s zu den Videos<\/a><\/p>\n\n\n<div class=\"sgdg-gallery-container\" data-sgdg-hash=\"4f1288f2adb9dda90d2c0efa21acdbe5f7a876132af52939d5e9a96c2fffa168\"><div class=\"sgdg-loading\"><div><\/div><\/div><\/div>\n\n\n<p><\/p>\n","protected":false},"excerpt":{"rendered":"<p>Im Rahmen des Sportunterrichts hatten unsere Sch\u00fcler\/innen der 7. Klassen am Mi, den 14.05.2025 die Gelegenheit, Tennis und die Trendsportart Padel Tennis auf der Anlage des TC Greinsfurth und GWR Padel auszuprobieren. Die Sportklasse nahm die Herausforderung sportlich und lief gemeinsam zur Tennisanlage \u2013 eine gelungene Aufw\u00e4rmphase! Mit gro\u00dfer Begeisterung testeten die Jugendlichen das actionreiche&#8230;<\/p>\n","protected":false},"author":14,"featured_media":58440,"comment_status":"closed","ping_status":"closed","sticky":false,"template":"","format":"standard","meta":{"footnotes":""},"categories":[119,13,4],"tags":[],"class_list":["post-58439","post","type-post","status-publish","format-standard","has-post-thumbnail","hentry","category-119","category-aktuelles","category-sportliches"],"_links":{"self":[{"href":"https:\/\/www.bgamstetten.ac.at\/index.php\/wp-json\/wp\/v2\/posts\/58439","targetHints":{"allow":["GET"]}}],"collection":[{"href":"https:\/\/www.bgamstetten.ac.at\/index.php\/wp-json\/wp\/v2\/posts"}],"about":[{"href":"https:\/\/www.bgamstetten.ac.at\/index.php\/wp-json\/wp\/v2\/types\/post"}],"author":[{"embeddable":true,"href":"https:\/\/www.bgamstetten.ac.at\/index.php\/wp-json\/wp\/v2\/users\/14"}],"replies":[{"embeddable":true,"href":"https:\/\/www.bgamstetten.ac.at\/index.php\/wp-json\/wp\/v2\/comments?post=58439"}],"version-history":[{"count":6,"href":"https:\/\/www.bgamstetten.ac.at\/index.php\/wp-json\/wp\/v2\/posts\/58439\/revisions"}],"predecessor-version":[{"id":58452,"href":"https:\/\/www.bgamstetten.ac.at\/index.php\/wp-json\/wp\/v2\/posts\/58439\/revisions\/58452"}],"wp:featuredmedia":[{"embeddable":true,"href":"https:\/\/www.bgamstetten.ac.at\/index.php\/wp-json\/wp\/v2\/media\/58440"}],"wp:attachment":[{"href":"https:\/\/www.bgamstetten.ac.at\/index.php\/wp-json\/wp\/v2\/media?parent=58439"}],"wp:term":[{"taxonomy":"category","embeddable":true,"href":"https:\/\/www.bgamstetten.ac.at\/index.php\/wp-json\/wp\/v2\/categories?post=58439"},{"taxonomy":"post_tag","embeddable":true,"href":"https:\/\/www.bgamstetten.ac.at\/index.php\/wp-json\/wp\/v2\/tags?post=58439"}],"curies":[{"name":"wp","href":"https:\/\/api.w.org\/{rel}","templated":true}]}}