{"id":57925,"date":"2025-02-27T10:27:00","date_gmt":"2025-02-27T09:27:00","guid":{"rendered":"https:\/\/www.bgamstetten.ac.at\/?p=57925"},"modified":"2025-03-08T11:34:41","modified_gmt":"2025-03-08T10:34:41","slug":"landesmeistertitel-bei-turn10","status":"publish","type":"post","link":"https:\/\/www.bgamstetten.ac.at\/index.php\/2025\/02\/27\/landesmeistertitel-bei-turn10\/","title":{"rendered":"Landesmeistertitel bei Turn10"},"content":{"rendered":"<style type=\"text\/css\"><\/style>\n<p><strong>Landesmeistertitel<\/strong> in der Einzelwertung!!<br>Zwei 2. Pl\u00e4tze und ein 3. Platz in der Teamwertung bei den <strong>Turn10<\/strong>-Landesmeisterschaften!!<\/p>\n\n\n\n<p>Ger\u00e4teturnen steht am Amstettner Gymnasium hoch im Kurs. 30 Sch\u00fclerinnen machten sich zu den&nbsp;<strong>Turn10-Landesmeisterschaften<\/strong> f\u00fcr Schulen nach Pressbaum auf den Weg.<\/p>\n\n\n\n<p>Mit f\u00fcnf Teams, bestehend aus jeweils sechs Turnerinnen, stellte sich das BG\/BRG Amstetten der starken Konkurrenz. Die M\u00e4dchen absolvierten \u00dcbungen am Reck, Schwebebalken, Boden und Sprung. Die f\u00fcnf besten Wertungen pro Ger\u00e4t&nbsp;wurden f\u00fcr das Teamergebnis zusammengerechnet.&nbsp;<\/p>\n\n\n\n<p>Von 80 m\u00f6glichen Punkten erreichte Anne Granser unglaubliche 79,75 und erreichte so den Landesmeistertitel. <strong>Herzliche Gratulation!<\/strong><\/p>\n\n\n<div class=\"sgdg-gallery-container\" data-sgdg-hash=\"dbdef07c8440bc02031064506a7b415a2c17a9a69ea15468772b4379fbded01e\"><div class=\"sgdg-loading\"><div><\/div><\/div><\/div>","protected":false},"excerpt":{"rendered":"<p>Landesmeistertitel in der Einzelwertung!!Zwei 2. Pl\u00e4tze und ein 3. Platz in der Teamwertung bei den Turn10-Landesmeisterschaften!! Ger\u00e4teturnen steht am Amstettner Gymnasium hoch im Kurs. 30 Sch\u00fclerinnen machten sich zu den&nbsp;Turn10-Landesmeisterschaften f\u00fcr Schulen nach Pressbaum auf den Weg. Mit f\u00fcnf Teams, bestehend aus jeweils sechs Turnerinnen, stellte sich das BG\/BRG Amstetten der starken Konkurrenz. Die M\u00e4dchen&#8230;<\/p>\n","protected":false},"author":13,"featured_media":57927,"comment_status":"closed","ping_status":"closed","sticky":false,"template":"","format":"standard","meta":{"footnotes":""},"categories":[119,13,4],"tags":[44],"class_list":["post-57925","post","type-post","status-publish","format-standard","has-post-thumbnail","hentry","category-119","category-aktuelles","category-sportliches","tag-sport"],"_links":{"self":[{"href":"https:\/\/www.bgamstetten.ac.at\/index.php\/wp-json\/wp\/v2\/posts\/57925","targetHints":{"allow":["GET"]}}],"collection":[{"href":"https:\/\/www.bgamstetten.ac.at\/index.php\/wp-json\/wp\/v2\/posts"}],"about":[{"href":"https:\/\/www.bgamstetten.ac.at\/index.php\/wp-json\/wp\/v2\/types\/post"}],"author":[{"embeddable":true,"href":"https:\/\/www.bgamstetten.ac.at\/index.php\/wp-json\/wp\/v2\/users\/13"}],"replies":[{"embeddable":true,"href":"https:\/\/www.bgamstetten.ac.at\/index.php\/wp-json\/wp\/v2\/comments?post=57925"}],"version-history":[{"count":2,"href":"https:\/\/www.bgamstetten.ac.at\/index.php\/wp-json\/wp\/v2\/posts\/57925\/revisions"}],"predecessor-version":[{"id":57928,"href":"https:\/\/www.bgamstetten.ac.at\/index.php\/wp-json\/wp\/v2\/posts\/57925\/revisions\/57928"}],"wp:featuredmedia":[{"embeddable":true,"href":"https:\/\/www.bgamstetten.ac.at\/index.php\/wp-json\/wp\/v2\/media\/57927"}],"wp:attachment":[{"href":"https:\/\/www.bgamstetten.ac.at\/index.php\/wp-json\/wp\/v2\/media?parent=57925"}],"wp:term":[{"taxonomy":"category","embeddable":true,"href":"https:\/\/www.bgamstetten.ac.at\/index.php\/wp-json\/wp\/v2\/categories?post=57925"},{"taxonomy":"post_tag","embeddable":true,"href":"https:\/\/www.bgamstetten.ac.at\/index.php\/wp-json\/wp\/v2\/tags?post=57925"}],"curies":[{"name":"wp","href":"https:\/\/api.w.org\/{rel}","templated":true}]}}