{"id":57780,"date":"2025-01-31T20:35:04","date_gmt":"2025-01-31T19:35:04","guid":{"rendered":"https:\/\/www.bgamstetten.ac.at\/?p=57780"},"modified":"2025-02-10T20:39:17","modified_gmt":"2025-02-10T19:39:17","slug":"latein-oder-franzoesisch-das-ist-nun-die-frage","status":"publish","type":"post","link":"https:\/\/www.bgamstetten.ac.at\/index.php\/2025\/01\/31\/latein-oder-franzoesisch-das-ist-nun-die-frage\/","title":{"rendered":"Latein oder Franz\u00f6sisch, das ist nun die Frage!"},"content":{"rendered":"<style type=\"text\/css\"><\/style>\n<p>Um die Sch\u00fclerinnen und Sch\u00fcler unserer zweiten Klassen noch einmal bei ihrer Sprachwahl zu unterst\u00fctzen, veranstalteten die Fachgruppe Latein unter der Leitung von Mag. Kurt Marcik, Dr. Astrid Schuller und Mag. Carmen Sch\u00f6ggl sowie die Fachgruppe Franz\u00f6sisch mit Fachgruppenleiter Mag. Klaus Vogl und Mag.Mag. Melanie Reisinger am Freitag, dem 31.01.2025 einen Franz\u00f6sisch-\/Lateintag.<\/p>\n\n\n\n<p>Dabei konnten alle Zweitkl\u00e4sslerinnen und Zweitkl\u00e4ssler, nachdem sie bereits im Schuljahresverlauf immer wieder in den Genuss von Schnupperstunden gekommen waren, noch einmal f\u00fcr eine Stunde vollst\u00e4ndig ins Franz\u00f6sische bzw. ins Lateinische eintauchen.<\/p>\n\n\n\n<p>F\u00fcr das Franz\u00f6sische gestalteten die Sch\u00fclerinnen der 6. und 7. Klasse Langform einen abwechslungsreichen Stationsbetrieb, der alles beinhaltete, was den Franz\u00f6sischunterricht ausmacht: Schreiben, Spielen, Bewegen, Sprechen, Verstehen, Landeskunde und nat\u00fcrlich Vokabular und Grammatik.<\/p>\n\n\n\n<p>In Latein erwartete sie ein Einblick in die lateinische Sprache und die r\u00f6mische Kultur. So lernten sie die griechisch-r\u00f6mischen G\u00f6tter genauer kennen, l\u00f6sten R\u00e4tsel zu ber\u00fchmten r\u00f6mischen Bauwerken, lateinischen Sprichw\u00f6rtern und Vornamen, \u00fcbersetzten einen kurzen lateinischen Text und entdeckten anhand eines Vokabelspiels, wie viele lateinische W\u00f6rter sich ihnen bereits aus dem Englischen erschlie\u00dfen.<\/p>\n\n\n\n<p>M\u00f6ge dieser Tag zur richtigen Sprachwahl unserer Sch\u00fclerinnen und Sch\u00fcler beitragen.<\/p>\n\n\n\n<p class=\"has-text-align-right\"><em>Mag. Klaus Vogl &amp; Mag. Kurt Marcik<\/em><\/p>\n\n\n<div class=\"sgdg-gallery-container\" data-sgdg-hash=\"592b60632ea5cd5616d3d1d54bfe5636247557cb56ad694d9450351427488a0c\"><div class=\"sgdg-loading\"><div><\/div><\/div><\/div>","protected":false},"excerpt":{"rendered":"<p>Um die Sch\u00fclerinnen und Sch\u00fcler unserer zweiten Klassen noch einmal bei ihrer Sprachwahl zu unterst\u00fctzen, veranstalteten die Fachgruppe Latein unter der Leitung von Mag. Kurt Marcik, Dr. Astrid Schuller und Mag. Carmen Sch\u00f6ggl sowie die Fachgruppe Franz\u00f6sisch mit Fachgruppenleiter Mag. Klaus Vogl und Mag.Mag. Melanie Reisinger am Freitag, dem 31.01.2025 einen Franz\u00f6sisch-\/Lateintag. Dabei konnten alle&#8230;<\/p>\n","protected":false},"author":13,"featured_media":57781,"comment_status":"closed","ping_status":"closed","sticky":false,"template":"","format":"standard","meta":{"footnotes":""},"categories":[119,13,8],"tags":[],"class_list":["post-57780","post","type-post","status-publish","format-standard","has-post-thumbnail","hentry","category-119","category-aktuelles","category-sprachen"],"_links":{"self":[{"href":"https:\/\/www.bgamstetten.ac.at\/index.php\/wp-json\/wp\/v2\/posts\/57780","targetHints":{"allow":["GET"]}}],"collection":[{"href":"https:\/\/www.bgamstetten.ac.at\/index.php\/wp-json\/wp\/v2\/posts"}],"about":[{"href":"https:\/\/www.bgamstetten.ac.at\/index.php\/wp-json\/wp\/v2\/types\/post"}],"author":[{"embeddable":true,"href":"https:\/\/www.bgamstetten.ac.at\/index.php\/wp-json\/wp\/v2\/users\/13"}],"replies":[{"embeddable":true,"href":"https:\/\/www.bgamstetten.ac.at\/index.php\/wp-json\/wp\/v2\/comments?post=57780"}],"version-history":[{"count":1,"href":"https:\/\/www.bgamstetten.ac.at\/index.php\/wp-json\/wp\/v2\/posts\/57780\/revisions"}],"predecessor-version":[{"id":57782,"href":"https:\/\/www.bgamstetten.ac.at\/index.php\/wp-json\/wp\/v2\/posts\/57780\/revisions\/57782"}],"wp:featuredmedia":[{"embeddable":true,"href":"https:\/\/www.bgamstetten.ac.at\/index.php\/wp-json\/wp\/v2\/media\/57781"}],"wp:attachment":[{"href":"https:\/\/www.bgamstetten.ac.at\/index.php\/wp-json\/wp\/v2\/media?parent=57780"}],"wp:term":[{"taxonomy":"category","embeddable":true,"href":"https:\/\/www.bgamstetten.ac.at\/index.php\/wp-json\/wp\/v2\/categories?post=57780"},{"taxonomy":"post_tag","embeddable":true,"href":"https:\/\/www.bgamstetten.ac.at\/index.php\/wp-json\/wp\/v2\/tags?post=57780"}],"curies":[{"name":"wp","href":"https:\/\/api.w.org\/{rel}","templated":true}]}}