{"id":57294,"date":"2024-12-17T20:06:00","date_gmt":"2024-12-17T19:06:00","guid":{"rendered":"https:\/\/www.bgamstetten.ac.at\/?p=57294"},"modified":"2024-12-24T07:53:44","modified_gmt":"2024-12-24T06:53:44","slug":"weihnachtskonzert-3","status":"publish","type":"post","link":"https:\/\/www.bgamstetten.ac.at\/index.php\/2024\/12\/17\/weihnachtskonzert-3\/","title":{"rendered":"Weihnachtskonzert"},"content":{"rendered":"<style type=\"text\/css\"><\/style>\n<p>Bis auf den letzten Platz gef\u00fcllt war am 17. Dezember der Turnsaal des BG Amstetten, das zum allj\u00e4hrlichen Weihnachtskonzert geladen hatte. Die Schulch\u00f6re, das Schulorchester, Ensembles des Musikschwerpunkts, ein Chor der Klassen 1a und 1b sowie ausgezeichnete Solistinnen gestalteten den Abend. Die Moderation, die Jana Krieger (4b) und Severin Fuhs (8ag) souver\u00e4n meisterten und ein besinnlicher Text, vorgetragen von Mag. Gottfried Fischl, rundeten das Konzert perfekt ab.<\/p>\n\n\n\n<p>Wuchtige Kl\u00e4nge des Orchesters und die hellen Stimmen der ersten Klassen brachten gleich zu Beginn festliche Stimmung in den von Mag. Horst Lackinger stimmungsvoll beleuchteten Raum. Besonders beachtlich die Auff\u00fchrung zweier von Dr. Thomas Schnabel f\u00fcr Orchester arrangierter Motetten von Anton Bruckner, die trotz der hohen Anforderungen ihre Wirkung nicht verfehlten. Modernere Kl\u00e4nge kamen von den beiden Ch\u00f6ren der Unter- und Oberstufe. So gab es eine Auff\u00fchrung von \u201eWhite Winter Hymnal\u201c nach Pentatonix mit Bodypercussion, oder Hits zum Mitswingen wie \u201eRockin\u2018 around the Christmas Tree\u201c oder \u201eMerry Christmas Everyone\u201c. Die Musikpraxisgruppen der 3. und 4. Klassen \u2013 einstudiert von Mag. Isabella Gieber und Mag. Sabine Speckl \u2013 musizierten mit eigenen Instrumenten von Querfl\u00f6te \u00fcber Schlagzeug bis E-Gitarre \u201eSnowman\u201c von Sia und \u201eJingle Bells\u201c. Auf der Querfl\u00f6te war Elina Nitterl (6am) solistisch zu h\u00f6ren und Lisa Baldean (7am) begeisterte mit \u201eThe Christmas Song\u201c mit Klavierspiel und ber\u00fchrendem Gesang. A-cappella und mit Klavierbegleitung wusste der Oberstufenchor etwa mit \u201eIn the bleak Midwinter\u201c oder dem zeitgen\u00f6ssischen St\u00fcck \u201eGlow\u201c von Eric Whitacre zu \u00fcberzeugen. F\u00fcr den guten Ton sorgte in bew\u00e4hrter Weise Mag. Horst Lackinger. Nach den vielen Dankesworten und Weihnachtsw\u00fcnschen von Dir. Spreitz stimmte der ganze Turnsaal in ein gemeinschaftliches \u201eEs wird scho glei dumpa\u201c ein.&nbsp;<\/p>\n\n\n\n<p>Viele Konzertbesucher bewunderten im zweiten Turnsaal noch die Show der Turngruppe oder lie\u00dfen den Abend bei dem einen oder anderen Glas Punsch ausklingen.<\/p>\n\n\n<div class=\"sgdg-gallery-container\" data-sgdg-hash=\"a0c1c89d2e7ce5597962cc3ccdf0ad345406d8638a5eb566ee86d2c848b0ad67\"><div class=\"sgdg-loading\"><div><\/div><\/div><\/div>\n\n\n<p><\/p>\n","protected":false},"excerpt":{"rendered":"<p>Bis auf den letzten Platz gef\u00fcllt war am 17. Dezember der Turnsaal des BG Amstetten, das zum allj\u00e4hrlichen Weihnachtskonzert geladen hatte. Die Schulch\u00f6re, das Schulorchester, Ensembles des Musikschwerpunkts, ein Chor der Klassen 1a und 1b sowie ausgezeichnete Solistinnen gestalteten den Abend. Die Moderation, die Jana Krieger (4b) und Severin Fuhs (8ag) souver\u00e4n meisterten und ein&#8230;<\/p>\n","protected":false},"author":13,"featured_media":57295,"comment_status":"closed","ping_status":"closed","sticky":false,"template":"","format":"standard","meta":{"footnotes":""},"categories":[119,13,7],"tags":[],"class_list":["post-57294","post","type-post","status-publish","format-standard","has-post-thumbnail","hentry","category-119","category-aktuelles","category-musikalisches-und-kreatives"],"_links":{"self":[{"href":"https:\/\/www.bgamstetten.ac.at\/index.php\/wp-json\/wp\/v2\/posts\/57294","targetHints":{"allow":["GET"]}}],"collection":[{"href":"https:\/\/www.bgamstetten.ac.at\/index.php\/wp-json\/wp\/v2\/posts"}],"about":[{"href":"https:\/\/www.bgamstetten.ac.at\/index.php\/wp-json\/wp\/v2\/types\/post"}],"author":[{"embeddable":true,"href":"https:\/\/www.bgamstetten.ac.at\/index.php\/wp-json\/wp\/v2\/users\/13"}],"replies":[{"embeddable":true,"href":"https:\/\/www.bgamstetten.ac.at\/index.php\/wp-json\/wp\/v2\/comments?post=57294"}],"version-history":[{"count":3,"href":"https:\/\/www.bgamstetten.ac.at\/index.php\/wp-json\/wp\/v2\/posts\/57294\/revisions"}],"predecessor-version":[{"id":57314,"href":"https:\/\/www.bgamstetten.ac.at\/index.php\/wp-json\/wp\/v2\/posts\/57294\/revisions\/57314"}],"wp:featuredmedia":[{"embeddable":true,"href":"https:\/\/www.bgamstetten.ac.at\/index.php\/wp-json\/wp\/v2\/media\/57295"}],"wp:attachment":[{"href":"https:\/\/www.bgamstetten.ac.at\/index.php\/wp-json\/wp\/v2\/media?parent=57294"}],"wp:term":[{"taxonomy":"category","embeddable":true,"href":"https:\/\/www.bgamstetten.ac.at\/index.php\/wp-json\/wp\/v2\/categories?post=57294"},{"taxonomy":"post_tag","embeddable":true,"href":"https:\/\/www.bgamstetten.ac.at\/index.php\/wp-json\/wp\/v2\/tags?post=57294"}],"curies":[{"name":"wp","href":"https:\/\/api.w.org\/{rel}","templated":true}]}}