{"id":57192,"date":"2024-11-29T22:00:00","date_gmt":"2024-11-29T21:00:00","guid":{"rendered":"https:\/\/www.bgamstetten.ac.at\/?p=57192"},"modified":"2024-12-03T20:32:16","modified_gmt":"2024-12-03T19:32:16","slug":"tag-der-offenen-tuer-24","status":"publish","type":"post","link":"https:\/\/www.bgamstetten.ac.at\/index.php\/2024\/11\/29\/tag-der-offenen-tuer-24\/","title":{"rendered":"Tag der offenen T\u00fcr &#8217;24"},"content":{"rendered":"<style type=\"text\/css\"><\/style>\n<p>Zahlreiche Kinder und Eltern besuchten am 29.11.2024 den <strong>Tag der offenen T\u00fcr<\/strong> der Unterstufe. Am Freitagnachmittag begr\u00fc\u00dften Direktor Mag. Josef Spreitz, Schulsprecherin Hanna Kranewitter, das Bildungsberaterteam und \u2013 auf musikalische Art und Weise \u2013 der Unterstufenchor die Besucher aus Nah und Fern. Von Sch\u00fclerinnen und Sch\u00fclern der siebten und achten Klassen begleitet, konnten interessierte Volkssch\u00fclerInnen und Eltern einen sch\u00f6nen Einblick in unsere Schule erhalten. Jedes Jahr aufs Neue zeigen sich die Besucher begeistert von dem Engagement und dem umfassenden Bildungsangebot.\u00a0<\/p>\n\n\n\n<p>Sprachschnupperkurse stimmten die Kinder auf das umfangreiche Sprachangebot am Gymnasium ein \u2013 Englisch, Franz\u00f6sisch, Latein und Spanisch wurden engagiert pr\u00e4sentiert und erlebbar gemacht. Vom abwechslungsreichen Sportunterricht konnten sich die G\u00e4ste in den beiden Turns\u00e4len ein Bild machen. Chemie, Physik, Astronomie, Kunst und Musik wurden in den Sonders\u00e4len pr\u00e4sentiert und boten f\u00fcr Gro\u00df und Klein Mitmachspa\u00df auf allen Ebenen. Bibliotheksf\u00fchrungen, Mathematik zum Mitmachen, Psychologie mit allen Sinnen und ein Schulkino erg\u00e4nzten das riesige Angebot. Die Infost\u00e4nde des Elternvereins und des Absolventenvereins zeugten einmal mehr von der guten Zusammenarbeit der Schulpartner, die an unserer Institution weit \u00fcber die Matura hinaus wirkt. Gelebtes Miteinander war auch das Motto im Bereich der sozialen und pers\u00f6nlichkeitsbildenden Angebote unserer Schule.<\/p>\n\n\n\n<p>Weit \u00fcber 100 erschienene Volksschulkinder durften nach durchlaufenem Informationsparcours freudestrahlend eine Urkunde und ein kleines Geschenk entgegennehmen. Den gro\u00dfen Erfolg des so engagiert gestalteten Halbtages zeigten auch die vielen Voranmeldungen f\u00fcr das n\u00e4chste Schuljahr.<br>Ein gro\u00dfes Danke gilt allen Sch\u00fclerInnen und LehrerInnen, die den Tag der offenen T\u00fcr mit ihrem gro\u00dfen Engagement kreativ mitgestaltet haben. Besonderer Dank gilt Mag. Doris Weger-Lichtenberger, die ohne Pause bis zum letzten Tag vor ihrem Mutterschutz diese Veranstaltung umsichtig und akribisch organisiert hat.&nbsp;<\/p>\n\n\n\n<p>Dieser Tag der offenen T\u00fcr hat es deutlich gezeigt: wir bilden, bewegen und begeistern, das mit bemerkenswerter Vielfalt und \u00fcberaus erfolgreich!<\/p>\n\n\n<div class=\"sgdg-gallery-container\" data-sgdg-hash=\"b0f034776fd8c611d398f0794802fdc182c5ab9b5eaacb47a47a4a4e5137f8ff\"><div class=\"sgdg-loading\"><div><\/div><\/div><\/div>","protected":false},"excerpt":{"rendered":"<p>Zahlreiche Kinder und Eltern besuchten am 29.11.2024 den Tag der offenen T\u00fcr der Unterstufe. Am Freitagnachmittag begr\u00fc\u00dften Direktor Mag. Josef Spreitz, Schulsprecherin Hanna Kranewitter, das Bildungsberaterteam und \u2013 auf musikalische Art und Weise \u2013 der Unterstufenchor die Besucher aus Nah und Fern. Von Sch\u00fclerinnen und Sch\u00fclern der siebten und achten Klassen begleitet, konnten interessierte Volkssch\u00fclerInnen&#8230;<\/p>\n","protected":false},"author":13,"featured_media":57201,"comment_status":"closed","ping_status":"closed","sticky":false,"template":"","format":"standard","meta":{"footnotes":""},"categories":[119,13,24],"tags":[],"class_list":["post-57192","post","type-post","status-publish","format-standard","has-post-thumbnail","hentry","category-119","category-aktuelles","category-bildungsberatung"],"_links":{"self":[{"href":"https:\/\/www.bgamstetten.ac.at\/index.php\/wp-json\/wp\/v2\/posts\/57192","targetHints":{"allow":["GET"]}}],"collection":[{"href":"https:\/\/www.bgamstetten.ac.at\/index.php\/wp-json\/wp\/v2\/posts"}],"about":[{"href":"https:\/\/www.bgamstetten.ac.at\/index.php\/wp-json\/wp\/v2\/types\/post"}],"author":[{"embeddable":true,"href":"https:\/\/www.bgamstetten.ac.at\/index.php\/wp-json\/wp\/v2\/users\/13"}],"replies":[{"embeddable":true,"href":"https:\/\/www.bgamstetten.ac.at\/index.php\/wp-json\/wp\/v2\/comments?post=57192"}],"version-history":[{"count":2,"href":"https:\/\/www.bgamstetten.ac.at\/index.php\/wp-json\/wp\/v2\/posts\/57192\/revisions"}],"predecessor-version":[{"id":57202,"href":"https:\/\/www.bgamstetten.ac.at\/index.php\/wp-json\/wp\/v2\/posts\/57192\/revisions\/57202"}],"wp:featuredmedia":[{"embeddable":true,"href":"https:\/\/www.bgamstetten.ac.at\/index.php\/wp-json\/wp\/v2\/media\/57201"}],"wp:attachment":[{"href":"https:\/\/www.bgamstetten.ac.at\/index.php\/wp-json\/wp\/v2\/media?parent=57192"}],"wp:term":[{"taxonomy":"category","embeddable":true,"href":"https:\/\/www.bgamstetten.ac.at\/index.php\/wp-json\/wp\/v2\/categories?post=57192"},{"taxonomy":"post_tag","embeddable":true,"href":"https:\/\/www.bgamstetten.ac.at\/index.php\/wp-json\/wp\/v2\/tags?post=57192"}],"curies":[{"name":"wp","href":"https:\/\/api.w.org\/{rel}","templated":true}]}}