{"id":57067,"date":"2024-11-08T23:01:00","date_gmt":"2024-11-08T22:01:00","guid":{"rendered":"https:\/\/www.bgamstetten.ac.at\/?p=57067"},"modified":"2024-11-21T17:53:15","modified_gmt":"2024-11-21T16:53:15","slug":"tag-der-oberstufe-2","status":"publish","type":"post","link":"https:\/\/www.bgamstetten.ac.at\/index.php\/2024\/11\/08\/tag-der-oberstufe-2\/","title":{"rendered":"Tag der Oberstufe"},"content":{"rendered":"<style type=\"text\/css\"><\/style>\n<p>Am <strong>8. November<\/strong> stand einen Vormittag lang die Oberstufe im Zentrum des Schulbetriebs am Gymnasium Amstetten. Die 4. Klassen des Gymnasiums und 10 Sch\u00fclerinnen und Sch\u00fcler aus umliegenden Mittelschulen und Gymnasien lernten die Zweige und Schwerpunkte der Oberstufe am Ostarrichi-Gymnasium durch lebendige Workshops kennen. Sport, IT, Musik und die am Gymnasium vertretenen Sprachen konnten mit fachkundigen Lehrkr\u00e4ften und motivierten Sch\u00fclerinnen und Sch\u00fclern erlebt werden. Es zeigt sich immer wieder: Die AHS bietet <em>die <\/em>M\u00f6glichkeit, eine breite Ausbildung mit Matura in nur vier Jahren abzuschlie\u00dfen und liefert die bestm\u00f6gliche Grundlage f\u00fcr eine berufliche Karriere in allen Sparten.<\/p>\n\n\n<div class=\"sgdg-gallery-container\" data-sgdg-hash=\"8c4acea1196b8cf14147855b575ca7dad44eab3fc45abe1244f07a003afc3069\"><div class=\"sgdg-loading\"><div><\/div><\/div><\/div>","protected":false},"excerpt":{"rendered":"<p>Am 8. November stand einen Vormittag lang die Oberstufe im Zentrum des Schulbetriebs am Gymnasium Amstetten. Die 4. Klassen des Gymnasiums und 10 Sch\u00fclerinnen und Sch\u00fcler aus umliegenden Mittelschulen und Gymnasien lernten die Zweige und Schwerpunkte der Oberstufe am Ostarrichi-Gymnasium durch lebendige Workshops kennen. Sport, IT, Musik und die am Gymnasium vertretenen Sprachen konnten mit&#8230;<\/p>\n","protected":false},"author":13,"featured_media":57102,"comment_status":"closed","ping_status":"closed","sticky":false,"template":"","format":"standard","meta":{"footnotes":""},"categories":[119,13,24],"tags":[],"class_list":["post-57067","post","type-post","status-publish","format-standard","has-post-thumbnail","hentry","category-119","category-aktuelles","category-bildungsberatung"],"_links":{"self":[{"href":"https:\/\/www.bgamstetten.ac.at\/index.php\/wp-json\/wp\/v2\/posts\/57067","targetHints":{"allow":["GET"]}}],"collection":[{"href":"https:\/\/www.bgamstetten.ac.at\/index.php\/wp-json\/wp\/v2\/posts"}],"about":[{"href":"https:\/\/www.bgamstetten.ac.at\/index.php\/wp-json\/wp\/v2\/types\/post"}],"author":[{"embeddable":true,"href":"https:\/\/www.bgamstetten.ac.at\/index.php\/wp-json\/wp\/v2\/users\/13"}],"replies":[{"embeddable":true,"href":"https:\/\/www.bgamstetten.ac.at\/index.php\/wp-json\/wp\/v2\/comments?post=57067"}],"version-history":[{"count":3,"href":"https:\/\/www.bgamstetten.ac.at\/index.php\/wp-json\/wp\/v2\/posts\/57067\/revisions"}],"predecessor-version":[{"id":57103,"href":"https:\/\/www.bgamstetten.ac.at\/index.php\/wp-json\/wp\/v2\/posts\/57067\/revisions\/57103"}],"wp:featuredmedia":[{"embeddable":true,"href":"https:\/\/www.bgamstetten.ac.at\/index.php\/wp-json\/wp\/v2\/media\/57102"}],"wp:attachment":[{"href":"https:\/\/www.bgamstetten.ac.at\/index.php\/wp-json\/wp\/v2\/media?parent=57067"}],"wp:term":[{"taxonomy":"category","embeddable":true,"href":"https:\/\/www.bgamstetten.ac.at\/index.php\/wp-json\/wp\/v2\/categories?post=57067"},{"taxonomy":"post_tag","embeddable":true,"href":"https:\/\/www.bgamstetten.ac.at\/index.php\/wp-json\/wp\/v2\/tags?post=57067"}],"curies":[{"name":"wp","href":"https:\/\/api.w.org\/{rel}","templated":true}]}}