{"id":57035,"date":"2024-10-18T23:00:00","date_gmt":"2024-10-18T21:00:00","guid":{"rendered":"https:\/\/www.bgamstetten.ac.at\/?p=57035"},"modified":"2024-10-26T11:01:49","modified_gmt":"2024-10-26T09:01:49","slug":"musikalische-virtuositaet-in-amstetten","status":"publish","type":"post","link":"https:\/\/www.bgamstetten.ac.at\/index.php\/2024\/10\/18\/musikalische-virtuositaet-in-amstetten\/","title":{"rendered":"Musikalische Virtuosit\u00e4t in Amstetten"},"content":{"rendered":"<style type=\"text\/css\"><\/style>\n<p>Einen besonderen Konzertabend erlebte die <strong>Musikgruppe <\/strong>der 7. und 8. Klassen am 18. Oktober 2024. Das Duo BartolomeyBittmann (Matthias Bartolomey und Klemens Bittmann) spielte ein &#8222;Best-of&#8220; Programm aus ihren zw\u00f6lf gemeinsamen Jahren k\u00fcnstlerischen Schaffens in der Johann-P\u00f6lz Halle. Passend zum eben gelernten Unterrichtsthema Chordophone (=Saitenklinger) kamen die K\u00fcnstler mit Cello, Violine und Mandola nach Amstetten. Sie verzauberten das Publikum nicht nur mit rockigen Riffs, jazzigen Improvisationen, untermalenden Gesangseinlagen, klassischen Elementen, melancholischen Kl\u00e4ngen und virtuosen unisono Passagen, sondern vor allem mit ihrer energiegeladenen B\u00fchnenpr\u00e4senz, die mit einer passenden Lichtershow begleitet wurde. Die Musiker demonstrierten eindrucksvoll welche Kl\u00e4nge man einer Violine und einem Cello ohne Computerunterst\u00fctzung entlocken kann. So wurde auf den Instrumenten geklopft und getrommelt, gezupft und mit dem Bogen auf alle erdenkliche Arten Kl\u00e4nge erzeugt.\u00a0<\/p>\n\n\n\n<p>Zwischen den St\u00fccken moderierte vor allem Klemens Bittmann in bodenst\u00e4ndiger und humorvoller Manier. Man erhielt nicht nur Hintergrundinformationen zu den einzelnen St\u00fccken, sondern auch Einblicke in den Kompositionsprozess und die Gedanken der Musiker w\u00e4hrend eines Auftrittes. Besonders die Aussage &#8222;Egal wie alt Sie sind- musizieren, singen und tanzen Sie mit Freunden oder Nachbarn. Greifen Sie zu einem Instrument, dann hat man keine Waffe in der Hand&#8220; erhielt einen langen Zwischenapplaus. Nach einem rhythmisch anspruchsvollen indischen Raga, gemischt mit einem steirischen Jodler, gab es vom Publikum tosenden Applaus und Standing Ovations. Im Anschluss konnte man mit den Musikern im Foyer \u00fcber Musik plaudern, gemeinsame Fotos machen und CDs signieren lassen.&nbsp;<\/p>\n\n\n\n<p>Dieser musikalische Ohrenschmaus und visuelle Hochgenuss wird allen bestimmt lange in Erinnerung bleiben.<\/p>\n\n\n\n<p class=\"has-text-align-right\"><em>Mag. Claudia Eberle, BA<\/em><\/p>\n\n\n<div class=\"sgdg-gallery-container\" data-sgdg-hash=\"73bd52dd7bf90e77c87d09ddb7d16405881c31967e7dd910c6c0c36c5e41a8ed\"><div class=\"sgdg-loading\"><div><\/div><\/div><\/div>","protected":false},"excerpt":{"rendered":"<p>Einen besonderen Konzertabend erlebte die Musikgruppe der 7. und 8. Klassen am 18. Oktober 2024. Das Duo BartolomeyBittmann (Matthias Bartolomey und Klemens Bittmann) spielte ein &#8222;Best-of&#8220; Programm aus ihren zw\u00f6lf gemeinsamen Jahren k\u00fcnstlerischen Schaffens in der Johann-P\u00f6lz Halle. Passend zum eben gelernten Unterrichtsthema Chordophone (=Saitenklinger) kamen die K\u00fcnstler mit Cello, Violine und Mandola nach Amstetten&#8230;.<\/p>\n","protected":false},"author":13,"featured_media":57036,"comment_status":"closed","ping_status":"closed","sticky":false,"template":"","format":"standard","meta":{"footnotes":""},"categories":[119,13,7],"tags":[],"class_list":["post-57035","post","type-post","status-publish","format-standard","has-post-thumbnail","hentry","category-119","category-aktuelles","category-musikalisches-und-kreatives"],"_links":{"self":[{"href":"https:\/\/www.bgamstetten.ac.at\/index.php\/wp-json\/wp\/v2\/posts\/57035","targetHints":{"allow":["GET"]}}],"collection":[{"href":"https:\/\/www.bgamstetten.ac.at\/index.php\/wp-json\/wp\/v2\/posts"}],"about":[{"href":"https:\/\/www.bgamstetten.ac.at\/index.php\/wp-json\/wp\/v2\/types\/post"}],"author":[{"embeddable":true,"href":"https:\/\/www.bgamstetten.ac.at\/index.php\/wp-json\/wp\/v2\/users\/13"}],"replies":[{"embeddable":true,"href":"https:\/\/www.bgamstetten.ac.at\/index.php\/wp-json\/wp\/v2\/comments?post=57035"}],"version-history":[{"count":1,"href":"https:\/\/www.bgamstetten.ac.at\/index.php\/wp-json\/wp\/v2\/posts\/57035\/revisions"}],"predecessor-version":[{"id":57037,"href":"https:\/\/www.bgamstetten.ac.at\/index.php\/wp-json\/wp\/v2\/posts\/57035\/revisions\/57037"}],"wp:featuredmedia":[{"embeddable":true,"href":"https:\/\/www.bgamstetten.ac.at\/index.php\/wp-json\/wp\/v2\/media\/57036"}],"wp:attachment":[{"href":"https:\/\/www.bgamstetten.ac.at\/index.php\/wp-json\/wp\/v2\/media?parent=57035"}],"wp:term":[{"taxonomy":"category","embeddable":true,"href":"https:\/\/www.bgamstetten.ac.at\/index.php\/wp-json\/wp\/v2\/categories?post=57035"},{"taxonomy":"post_tag","embeddable":true,"href":"https:\/\/www.bgamstetten.ac.at\/index.php\/wp-json\/wp\/v2\/tags?post=57035"}],"curies":[{"name":"wp","href":"https:\/\/api.w.org\/{rel}","templated":true}]}}