{"id":56959,"date":"2024-10-09T20:01:12","date_gmt":"2024-10-09T18:01:12","guid":{"rendered":"https:\/\/www.bgamstetten.ac.at\/?p=56959"},"modified":"2025-10-27T17:38:37","modified_gmt":"2025-10-27T16:38:37","slug":"eigene-laptops-fuer-die-ersten-klassen","status":"publish","type":"post","link":"https:\/\/www.bgamstetten.ac.at\/index.php\/2024\/10\/09\/eigene-laptops-fuer-die-ersten-klassen\/","title":{"rendered":"Eigene Laptops f\u00fcr die ersten Klassen"},"content":{"rendered":"<style type=\"text\/css\"><\/style>\n<p>Ein verantwortungsvoller Umgang mit den neuen Medien will gut gelernt und begleitet sein.<\/p>\n\n\n\n<p>Die Voraussetzungen f\u00fcr den Erwerb zentraler digitaler Kompetenzen im Rahmen des Faches \u201e<strong>Digitale Grundbildung<\/strong>\u201c wurden am 9. Oktober 2024 in den ersten Klassen geschaffen: Mit gro\u00dfer Freude und der Unterst\u00fctzung fachkundiger Lehrpersonen nahmen die Sch\u00fcler\/-innen an diesem Tag ihre eigenen Laptops entgegen und erhielten auch gleich eine Einf\u00fchrung in die technischen Grundlagen.<\/p>\n\n\n<div class=\"sgdg-gallery-container\" data-sgdg-hash=\"65f4a4e15e91e3578d070bbe9dbcaf69a371668eb0774381b5f0fdf797b63bd0\"><div class=\"sgdg-loading\"><div><\/div><\/div><\/div>\n\n\n<p><\/p>\n","protected":false},"excerpt":{"rendered":"<p>Ein verantwortungsvoller Umgang mit den neuen Medien will gut gelernt und begleitet sein. Die Voraussetzungen f\u00fcr den Erwerb zentraler digitaler Kompetenzen im Rahmen des Faches \u201eDigitale Grundbildung\u201c wurden am 9. Oktober 2024 in den ersten Klassen geschaffen: Mit gro\u00dfer Freude und der Unterst\u00fctzung fachkundiger Lehrpersonen nahmen die Sch\u00fcler\/-innen an diesem Tag ihre eigenen Laptops entgegen&#8230;<\/p>\n","protected":false},"author":13,"featured_media":56960,"comment_status":"closed","ping_status":"closed","sticky":false,"template":"","format":"standard","meta":{"footnotes":""},"categories":[119,13,124,17],"tags":[],"class_list":["post-56959","post","type-post","status-publish","format-standard","has-post-thumbnail","hentry","category-119","category-aktuelles","category-digitale-medien-technologien","category-nawi"],"_links":{"self":[{"href":"https:\/\/www.bgamstetten.ac.at\/index.php\/wp-json\/wp\/v2\/posts\/56959","targetHints":{"allow":["GET"]}}],"collection":[{"href":"https:\/\/www.bgamstetten.ac.at\/index.php\/wp-json\/wp\/v2\/posts"}],"about":[{"href":"https:\/\/www.bgamstetten.ac.at\/index.php\/wp-json\/wp\/v2\/types\/post"}],"author":[{"embeddable":true,"href":"https:\/\/www.bgamstetten.ac.at\/index.php\/wp-json\/wp\/v2\/users\/13"}],"replies":[{"embeddable":true,"href":"https:\/\/www.bgamstetten.ac.at\/index.php\/wp-json\/wp\/v2\/comments?post=56959"}],"version-history":[{"count":1,"href":"https:\/\/www.bgamstetten.ac.at\/index.php\/wp-json\/wp\/v2\/posts\/56959\/revisions"}],"predecessor-version":[{"id":56961,"href":"https:\/\/www.bgamstetten.ac.at\/index.php\/wp-json\/wp\/v2\/posts\/56959\/revisions\/56961"}],"wp:featuredmedia":[{"embeddable":true,"href":"https:\/\/www.bgamstetten.ac.at\/index.php\/wp-json\/wp\/v2\/media\/56960"}],"wp:attachment":[{"href":"https:\/\/www.bgamstetten.ac.at\/index.php\/wp-json\/wp\/v2\/media?parent=56959"}],"wp:term":[{"taxonomy":"category","embeddable":true,"href":"https:\/\/www.bgamstetten.ac.at\/index.php\/wp-json\/wp\/v2\/categories?post=56959"},{"taxonomy":"post_tag","embeddable":true,"href":"https:\/\/www.bgamstetten.ac.at\/index.php\/wp-json\/wp\/v2\/tags?post=56959"}],"curies":[{"name":"wp","href":"https:\/\/api.w.org\/{rel}","templated":true}]}}