{"id":56782,"date":"2024-09-23T22:29:38","date_gmt":"2024-09-23T20:29:38","guid":{"rendered":"https:\/\/www.bgamstetten.ac.at\/?p=56782"},"modified":"2024-10-05T22:32:30","modified_gmt":"2024-10-05T20:32:30","slug":"workshop-figurentheater","status":"publish","type":"post","link":"https:\/\/www.bgamstetten.ac.at\/index.php\/2024\/09\/23\/workshop-figurentheater\/","title":{"rendered":"Workshop Figurentheater"},"content":{"rendered":"<style type=\"text\/css\"><\/style>\n<p>Am 23.9.2024 erhielt die Gruppe Sprache Kreativ der 3.Klassen ihren ersten Schauspielunterricht.<\/p>\n\n\n\n<p>F\u00fcnf Stunden lang wurden unter der Leitung der Theaterp\u00e4dagogin Ruth Humer vom Theater mOment die Ausdrucksm\u00f6glichkeiten des Spiels mit lebensgro\u00dfen handgef\u00fchrten Figuren ausprobiert. Diese ersten Spielerfahrungen waren eine Vorbereitung f\u00fcr ein geplantes Figurentheater im Rahmen des Most4Festivals, bei dem die Sch\u00fclerinnen und Sch\u00fcler selbst erarbeitete St\u00fccke auf die B\u00fchne bringen werden.<\/p>\n\n\n\n<p class=\"has-text-align-right\"><em>Mag. Luise Stolz<\/em><\/p>\n\n\n<div class=\"sgdg-gallery-container\" data-sgdg-hash=\"4c353b0ecfa3c6a4e26cd5294ca1c56c41d2814a51dbfc5ef2c6b7ad1edbb8cb\"><div class=\"sgdg-loading\"><div><\/div><\/div><\/div>","protected":false},"excerpt":{"rendered":"<p>Am 23.9.2024 erhielt die Gruppe Sprache Kreativ der 3.Klassen ihren ersten Schauspielunterricht. F\u00fcnf Stunden lang wurden unter der Leitung der Theaterp\u00e4dagogin Ruth Humer vom Theater mOment die Ausdrucksm\u00f6glichkeiten des Spiels mit lebensgro\u00dfen handgef\u00fchrten Figuren ausprobiert. Diese ersten Spielerfahrungen waren eine Vorbereitung f\u00fcr ein geplantes Figurentheater im Rahmen des Most4Festivals, bei dem die Sch\u00fclerinnen und Sch\u00fcler&#8230;<\/p>\n","protected":false},"author":14,"featured_media":56783,"comment_status":"closed","ping_status":"closed","sticky":false,"template":"","format":"standard","meta":{"footnotes":""},"categories":[119,13,7],"tags":[],"class_list":["post-56782","post","type-post","status-publish","format-standard","has-post-thumbnail","hentry","category-119","category-aktuelles","category-musikalisches-und-kreatives"],"_links":{"self":[{"href":"https:\/\/www.bgamstetten.ac.at\/index.php\/wp-json\/wp\/v2\/posts\/56782","targetHints":{"allow":["GET"]}}],"collection":[{"href":"https:\/\/www.bgamstetten.ac.at\/index.php\/wp-json\/wp\/v2\/posts"}],"about":[{"href":"https:\/\/www.bgamstetten.ac.at\/index.php\/wp-json\/wp\/v2\/types\/post"}],"author":[{"embeddable":true,"href":"https:\/\/www.bgamstetten.ac.at\/index.php\/wp-json\/wp\/v2\/users\/14"}],"replies":[{"embeddable":true,"href":"https:\/\/www.bgamstetten.ac.at\/index.php\/wp-json\/wp\/v2\/comments?post=56782"}],"version-history":[{"count":1,"href":"https:\/\/www.bgamstetten.ac.at\/index.php\/wp-json\/wp\/v2\/posts\/56782\/revisions"}],"predecessor-version":[{"id":56784,"href":"https:\/\/www.bgamstetten.ac.at\/index.php\/wp-json\/wp\/v2\/posts\/56782\/revisions\/56784"}],"wp:featuredmedia":[{"embeddable":true,"href":"https:\/\/www.bgamstetten.ac.at\/index.php\/wp-json\/wp\/v2\/media\/56783"}],"wp:attachment":[{"href":"https:\/\/www.bgamstetten.ac.at\/index.php\/wp-json\/wp\/v2\/media?parent=56782"}],"wp:term":[{"taxonomy":"category","embeddable":true,"href":"https:\/\/www.bgamstetten.ac.at\/index.php\/wp-json\/wp\/v2\/categories?post=56782"},{"taxonomy":"post_tag","embeddable":true,"href":"https:\/\/www.bgamstetten.ac.at\/index.php\/wp-json\/wp\/v2\/tags?post=56782"}],"curies":[{"name":"wp","href":"https:\/\/api.w.org\/{rel}","templated":true}]}}