{"id":56615,"date":"2024-09-02T15:08:40","date_gmt":"2024-09-02T13:08:40","guid":{"rendered":"https:\/\/www.bgamstetten.ac.at\/?p=56615"},"modified":"2024-09-16T20:36:35","modified_gmt":"2024-09-16T18:36:35","slug":"oekumenische-feier-zum-schulstart","status":"publish","type":"post","link":"https:\/\/www.bgamstetten.ac.at\/index.php\/2024\/09\/02\/oekumenische-feier-zum-schulstart\/","title":{"rendered":"\u00d6kumenische Feier zum Schulstart"},"content":{"rendered":"<style type=\"text\/css\"><\/style>\n<p class=\"has-text-align-center\"><strong><em>\u201eGemeinsam stark f\u00fcr morgen\u201c<\/em><\/strong><\/p>\n\n\n\n<p>Ganz im Sinne unseres diesj\u00e4hrigen Schuljahresmottos startete die gesamte Schulgemeinschaft am 2. September 2024 im feierlichen Rahmen eines \u00f6kumenischen Wortgottesdienstes in das neue Schuljahr.&nbsp;<\/p>\n\n\n\n<p>Im Anschluss an die eindrucksvoll von unseren Musikp\u00e4dagogInnen gestalteten musikalischen Beitr\u00e4ge und die aufbauenden Worte, die Pastor Kolck-Thudt anl\u00e4sslich eines kurzen Sketches an die Anwesenden gerichtet hatte, hie\u00df Direktor Spreitz alle neuen Sch\u00fclerInnen herzlich in der Schulgemeinschaft willkommen. Mit einem gemeinsam gesungenen St\u00e4ndchen gratulierte er Pastor Kolck-Thudt zu seinem 60. Geburtstag und w\u00fcnschte allen Schulpartnern abschlie\u00dfend ein erfolgreiches Schuljahr 2024\/25.<\/p>\n\n\n<div class=\"sgdg-gallery-container\" data-sgdg-hash=\"5f0d3ee4ebf6e104d8fb33a832bbf995661c66426e370370b8dc84be09fd0557\"><div class=\"sgdg-loading\"><div><\/div><\/div><\/div>\n\n\n<p><\/p>\n","protected":false},"excerpt":{"rendered":"<p>\u201eGemeinsam stark f\u00fcr morgen\u201c Ganz im Sinne unseres diesj\u00e4hrigen Schuljahresmottos startete die gesamte Schulgemeinschaft am 2. September 2024 im feierlichen Rahmen eines \u00f6kumenischen Wortgottesdienstes in das neue Schuljahr.&nbsp; Im Anschluss an die eindrucksvoll von unseren Musikp\u00e4dagogInnen gestalteten musikalischen Beitr\u00e4ge und die aufbauenden Worte, die Pastor Kolck-Thudt anl\u00e4sslich eines kurzen Sketches an die Anwesenden gerichtet hatte,&#8230;<\/p>\n","protected":false},"author":13,"featured_media":56661,"comment_status":"closed","ping_status":"closed","sticky":false,"template":"","format":"standard","meta":{"footnotes":""},"categories":[119,13],"tags":[33],"class_list":["post-56615","post","type-post","status-publish","format-standard","has-post-thumbnail","hentry","category-119","category-aktuelles","tag-schulstart"],"_links":{"self":[{"href":"https:\/\/www.bgamstetten.ac.at\/index.php\/wp-json\/wp\/v2\/posts\/56615","targetHints":{"allow":["GET"]}}],"collection":[{"href":"https:\/\/www.bgamstetten.ac.at\/index.php\/wp-json\/wp\/v2\/posts"}],"about":[{"href":"https:\/\/www.bgamstetten.ac.at\/index.php\/wp-json\/wp\/v2\/types\/post"}],"author":[{"embeddable":true,"href":"https:\/\/www.bgamstetten.ac.at\/index.php\/wp-json\/wp\/v2\/users\/13"}],"replies":[{"embeddable":true,"href":"https:\/\/www.bgamstetten.ac.at\/index.php\/wp-json\/wp\/v2\/comments?post=56615"}],"version-history":[{"count":2,"href":"https:\/\/www.bgamstetten.ac.at\/index.php\/wp-json\/wp\/v2\/posts\/56615\/revisions"}],"predecessor-version":[{"id":56662,"href":"https:\/\/www.bgamstetten.ac.at\/index.php\/wp-json\/wp\/v2\/posts\/56615\/revisions\/56662"}],"wp:featuredmedia":[{"embeddable":true,"href":"https:\/\/www.bgamstetten.ac.at\/index.php\/wp-json\/wp\/v2\/media\/56661"}],"wp:attachment":[{"href":"https:\/\/www.bgamstetten.ac.at\/index.php\/wp-json\/wp\/v2\/media?parent=56615"}],"wp:term":[{"taxonomy":"category","embeddable":true,"href":"https:\/\/www.bgamstetten.ac.at\/index.php\/wp-json\/wp\/v2\/categories?post=56615"},{"taxonomy":"post_tag","embeddable":true,"href":"https:\/\/www.bgamstetten.ac.at\/index.php\/wp-json\/wp\/v2\/tags?post=56615"}],"curies":[{"name":"wp","href":"https:\/\/api.w.org\/{rel}","templated":true}]}}