{"id":56613,"date":"2024-09-04T21:00:00","date_gmt":"2024-09-04T19:00:00","guid":{"rendered":"https:\/\/www.bgamstetten.ac.at\/?p=56613"},"modified":"2024-09-16T20:15:57","modified_gmt":"2024-09-16T18:15:57","slug":"kennenlerntag-der-1-klassen-3","status":"publish","type":"post","link":"https:\/\/www.bgamstetten.ac.at\/index.php\/2024\/09\/04\/kennenlerntag-der-1-klassen-3\/","title":{"rendered":"Kennenlerntag der 1. Klassen"},"content":{"rendered":"<style type=\"text\/css\"><\/style>\n<p>Unter der Leitung von Mag. Resnitschek und Mag. Buchmeier gestalteten die <strong>PeermediatorInnen <\/strong>aus den achten Klassen wieder den ersten Mittwoch im neuen Schuljahr f\u00fcr die j\u00fcngsten Mitglieder unserer Schulgemeinschaft. Im Rahmen eines bunten Vormittagsprogramms lernten die Sch\u00fclerInnen der ersten Klassen nicht nur das Schulgeb\u00e4ude, sondern auch ihre KlassenkameradInnen und sich selbst besser kennen.<\/p>\n\n\n<div class=\"sgdg-gallery-container\" data-sgdg-hash=\"7fd73de0f3926117f8b936c4cabfdfd4b29e4b05e8a85ac4ac71c9b077a9b933\"><div class=\"sgdg-loading\"><div><\/div><\/div><\/div>","protected":false},"excerpt":{"rendered":"<p>Unter der Leitung von Mag. Resnitschek und Mag. Buchmeier gestalteten die PeermediatorInnen aus den achten Klassen wieder den ersten Mittwoch im neuen Schuljahr f\u00fcr die j\u00fcngsten Mitglieder unserer Schulgemeinschaft. Im Rahmen eines bunten Vormittagsprogramms lernten die Sch\u00fclerInnen der ersten Klassen nicht nur das Schulgeb\u00e4ude, sondern auch ihre KlassenkameradInnen und sich selbst besser kennen.<\/p>\n","protected":false},"author":13,"featured_media":56659,"comment_status":"closed","ping_status":"closed","sticky":false,"template":"","format":"standard","meta":{"footnotes":""},"categories":[119,13],"tags":[33],"class_list":["post-56613","post","type-post","status-publish","format-standard","has-post-thumbnail","hentry","category-119","category-aktuelles","tag-schulstart"],"_links":{"self":[{"href":"https:\/\/www.bgamstetten.ac.at\/index.php\/wp-json\/wp\/v2\/posts\/56613","targetHints":{"allow":["GET"]}}],"collection":[{"href":"https:\/\/www.bgamstetten.ac.at\/index.php\/wp-json\/wp\/v2\/posts"}],"about":[{"href":"https:\/\/www.bgamstetten.ac.at\/index.php\/wp-json\/wp\/v2\/types\/post"}],"author":[{"embeddable":true,"href":"https:\/\/www.bgamstetten.ac.at\/index.php\/wp-json\/wp\/v2\/users\/13"}],"replies":[{"embeddable":true,"href":"https:\/\/www.bgamstetten.ac.at\/index.php\/wp-json\/wp\/v2\/comments?post=56613"}],"version-history":[{"count":2,"href":"https:\/\/www.bgamstetten.ac.at\/index.php\/wp-json\/wp\/v2\/posts\/56613\/revisions"}],"predecessor-version":[{"id":56660,"href":"https:\/\/www.bgamstetten.ac.at\/index.php\/wp-json\/wp\/v2\/posts\/56613\/revisions\/56660"}],"wp:featuredmedia":[{"embeddable":true,"href":"https:\/\/www.bgamstetten.ac.at\/index.php\/wp-json\/wp\/v2\/media\/56659"}],"wp:attachment":[{"href":"https:\/\/www.bgamstetten.ac.at\/index.php\/wp-json\/wp\/v2\/media?parent=56613"}],"wp:term":[{"taxonomy":"category","embeddable":true,"href":"https:\/\/www.bgamstetten.ac.at\/index.php\/wp-json\/wp\/v2\/categories?post=56613"},{"taxonomy":"post_tag","embeddable":true,"href":"https:\/\/www.bgamstetten.ac.at\/index.php\/wp-json\/wp\/v2\/tags?post=56613"}],"curies":[{"name":"wp","href":"https:\/\/api.w.org\/{rel}","templated":true}]}}