{"id":56447,"date":"2024-06-27T09:10:15","date_gmt":"2024-06-27T07:10:15","guid":{"rendered":"https:\/\/www.bgamstetten.ac.at\/?p=56447"},"modified":"2024-07-03T09:25:58","modified_gmt":"2024-07-03T07:25:58","slug":"gross-fuer-klein-2","status":"publish","type":"post","link":"https:\/\/www.bgamstetten.ac.at\/index.php\/2024\/06\/27\/gross-fuer-klein-2\/","title":{"rendered":"Gro\u00df f\u00fcr Klein"},"content":{"rendered":"<style type=\"text\/css\"><\/style>\n<p>Am Donnerstag in der letzten Unterrichtswoche gestalteten die Sch\u00fclerinnen und Sch\u00fcler der Oberstufe zum zweiten Mal den Vormittag f\u00fcr die Sch\u00fclerinnen und Sch\u00fcler unserer Unterstufe.\u00a0Die gemeinsam verbrachte Zeit hat den Gro\u00dfen und vor allem auch den Kleinen viel Spa\u00df gemacht und war ein sch\u00f6nes Zeichen der gelebten Schulgemeinschaft.<\/p>\n\n\n\n<p class=\"has-text-align-right\"><em>Mag. Beatrice Freudenschu\u00df<\/em><\/p>\n\n\n<div class=\"sgdg-gallery-container\" data-sgdg-hash=\"d53356cd2c0d2dcfab236d0aea98a9e482cf833d0447461c0df75cfbf68e0a1e\"><div class=\"sgdg-loading\"><div><\/div><\/div><\/div>","protected":false},"excerpt":{"rendered":"<p>Am Donnerstag in der letzten Unterrichtswoche gestalteten die Sch\u00fclerinnen und Sch\u00fcler der Oberstufe zum zweiten Mal den Vormittag f\u00fcr die Sch\u00fclerinnen und Sch\u00fcler unserer Unterstufe.\u00a0Die gemeinsam verbrachte Zeit hat den Gro\u00dfen und vor allem auch den Kleinen viel Spa\u00df gemacht und war ein sch\u00f6nes Zeichen der gelebten Schulgemeinschaft. Mag. Beatrice Freudenschu\u00df<\/p>\n","protected":false},"author":14,"featured_media":56451,"comment_status":"closed","ping_status":"closed","sticky":false,"template":"","format":"standard","meta":{"footnotes":""},"categories":[114,13,3,4,9,7,17],"tags":[],"class_list":["post-56447","post","type-post","status-publish","format-standard","has-post-thumbnail","hentry","category-114","category-aktuelles","category-allgemein","category-sportliches","category-gesunde-schule","category-musikalisches-und-kreatives","category-nawi"],"_links":{"self":[{"href":"https:\/\/www.bgamstetten.ac.at\/index.php\/wp-json\/wp\/v2\/posts\/56447","targetHints":{"allow":["GET"]}}],"collection":[{"href":"https:\/\/www.bgamstetten.ac.at\/index.php\/wp-json\/wp\/v2\/posts"}],"about":[{"href":"https:\/\/www.bgamstetten.ac.at\/index.php\/wp-json\/wp\/v2\/types\/post"}],"author":[{"embeddable":true,"href":"https:\/\/www.bgamstetten.ac.at\/index.php\/wp-json\/wp\/v2\/users\/14"}],"replies":[{"embeddable":true,"href":"https:\/\/www.bgamstetten.ac.at\/index.php\/wp-json\/wp\/v2\/comments?post=56447"}],"version-history":[{"count":2,"href":"https:\/\/www.bgamstetten.ac.at\/index.php\/wp-json\/wp\/v2\/posts\/56447\/revisions"}],"predecessor-version":[{"id":56452,"href":"https:\/\/www.bgamstetten.ac.at\/index.php\/wp-json\/wp\/v2\/posts\/56447\/revisions\/56452"}],"wp:featuredmedia":[{"embeddable":true,"href":"https:\/\/www.bgamstetten.ac.at\/index.php\/wp-json\/wp\/v2\/media\/56451"}],"wp:attachment":[{"href":"https:\/\/www.bgamstetten.ac.at\/index.php\/wp-json\/wp\/v2\/media?parent=56447"}],"wp:term":[{"taxonomy":"category","embeddable":true,"href":"https:\/\/www.bgamstetten.ac.at\/index.php\/wp-json\/wp\/v2\/categories?post=56447"},{"taxonomy":"post_tag","embeddable":true,"href":"https:\/\/www.bgamstetten.ac.at\/index.php\/wp-json\/wp\/v2\/tags?post=56447"}],"curies":[{"name":"wp","href":"https:\/\/api.w.org\/{rel}","templated":true}]}}