{"id":56326,"date":"2024-06-11T22:57:55","date_gmt":"2024-06-11T20:57:55","guid":{"rendered":"https:\/\/www.bgamstetten.ac.at\/?p=56326"},"modified":"2024-06-23T23:00:37","modified_gmt":"2024-06-23T21:00:37","slug":"wientage","status":"publish","type":"post","link":"https:\/\/www.bgamstetten.ac.at\/index.php\/2024\/06\/11\/wientage\/","title":{"rendered":"Wientage"},"content":{"rendered":"<style type=\"text\/css\"><\/style>\n<p>Am Montag, den 10.6., und Dienstag, den 11.6.2024, waren wir, die Sch\u00fcler der<strong> 3D<\/strong>, auf Projekttagen in Wien. Am Montag hatten wir die Ehre und bekamen eine F\u00fchrung durch das Parlament. Danach waren wir im Naturhistorischen Museum und sahen uns die Sonderausstellung &#8222;Arktis&#8220; an. Als Abendprogramm lie\u00df es das Wetter gl\u00fccklicherweise zu, dass wir in den Prater gingen. Es war sehr lustig und hat jedem Spa\u00df bereitet. Am Dienstag machten wir in Kleingruppen eine &#8222;R\u00e4tselrallye in English&#8220; durch den ersten Bezirk.<br>Ein riesiges DANKESCH\u00d6N an Frau Professor Freudenschu\u00df und Frau Professor Pils, die mit uns diese lustige und coole Exkursion machten.<\/p>\n\n\n\n<p class=\"has-text-align-right\"><em>Anna Zainzinger, 3D<\/em><\/p>\n\n\n<div class=\"sgdg-gallery-container\" data-sgdg-hash=\"541a399aa3e16af931aedc735ae4de373674bebafbafda152e7458f47f8e9289\"><div class=\"sgdg-loading\"><div><\/div><\/div><\/div>","protected":false},"excerpt":{"rendered":"<p>Am Montag, den 10.6., und Dienstag, den 11.6.2024, waren wir, die Sch\u00fcler der 3D, auf Projekttagen in Wien. Am Montag hatten wir die Ehre und bekamen eine F\u00fchrung durch das Parlament. Danach waren wir im Naturhistorischen Museum und sahen uns die Sonderausstellung &#8222;Arktis&#8220; an. Als Abendprogramm lie\u00df es das Wetter gl\u00fccklicherweise zu, dass wir in&#8230;<\/p>\n","protected":false},"author":13,"featured_media":56327,"comment_status":"closed","ping_status":"closed","sticky":false,"template":"","format":"standard","meta":{"footnotes":""},"categories":[114,13,3],"tags":[],"class_list":["post-56326","post","type-post","status-publish","format-standard","has-post-thumbnail","hentry","category-114","category-aktuelles","category-allgemein"],"_links":{"self":[{"href":"https:\/\/www.bgamstetten.ac.at\/index.php\/wp-json\/wp\/v2\/posts\/56326","targetHints":{"allow":["GET"]}}],"collection":[{"href":"https:\/\/www.bgamstetten.ac.at\/index.php\/wp-json\/wp\/v2\/posts"}],"about":[{"href":"https:\/\/www.bgamstetten.ac.at\/index.php\/wp-json\/wp\/v2\/types\/post"}],"author":[{"embeddable":true,"href":"https:\/\/www.bgamstetten.ac.at\/index.php\/wp-json\/wp\/v2\/users\/13"}],"replies":[{"embeddable":true,"href":"https:\/\/www.bgamstetten.ac.at\/index.php\/wp-json\/wp\/v2\/comments?post=56326"}],"version-history":[{"count":1,"href":"https:\/\/www.bgamstetten.ac.at\/index.php\/wp-json\/wp\/v2\/posts\/56326\/revisions"}],"predecessor-version":[{"id":56328,"href":"https:\/\/www.bgamstetten.ac.at\/index.php\/wp-json\/wp\/v2\/posts\/56326\/revisions\/56328"}],"wp:featuredmedia":[{"embeddable":true,"href":"https:\/\/www.bgamstetten.ac.at\/index.php\/wp-json\/wp\/v2\/media\/56327"}],"wp:attachment":[{"href":"https:\/\/www.bgamstetten.ac.at\/index.php\/wp-json\/wp\/v2\/media?parent=56326"}],"wp:term":[{"taxonomy":"category","embeddable":true,"href":"https:\/\/www.bgamstetten.ac.at\/index.php\/wp-json\/wp\/v2\/categories?post=56326"},{"taxonomy":"post_tag","embeddable":true,"href":"https:\/\/www.bgamstetten.ac.at\/index.php\/wp-json\/wp\/v2\/tags?post=56326"}],"curies":[{"name":"wp","href":"https:\/\/api.w.org\/{rel}","templated":true}]}}