{"id":56286,"date":"2024-06-18T06:49:53","date_gmt":"2024-06-18T04:49:53","guid":{"rendered":"https:\/\/www.bgamstetten.ac.at\/?p=56286"},"modified":"2024-07-01T09:11:46","modified_gmt":"2024-07-01T07:11:46","slug":"tolle-erfolge-und-leistungen-beim-amstettner-schulsportfest","status":"publish","type":"post","link":"https:\/\/www.bgamstetten.ac.at\/index.php\/2024\/06\/18\/tolle-erfolge-und-leistungen-beim-amstettner-schulsportfest\/","title":{"rendered":"Tolle Erfolge und Leistungen beim Amstettner Schulsportfest"},"content":{"rendered":"<style type=\"text\/css\"><\/style>\n<p>Am <strong>18.06.24<\/strong> war es wieder so weit, bei herrlichem Sommerwetter traten die <strong>Sch\u00fclerInnen der<br>unterschiedlichsten Schulen Amstettens<\/strong> in den <strong>verschiedensten leichtathletischen Disziplinen<\/strong><br>in <strong>4 verschiedenen Altersgruppen<\/strong> beim traditionellen, von der Stadtgemeinde Amstetten<br>veranstalteten <strong><a href=\"https:\/\/www.amstetten.at\/aktuelles\/400-sportlerinnen-und-sportler-beim-schulsportfest\/\" data-type=\"link\" data-id=\"https:\/\/www.amstetten.at\/aktuelles\/400-sportlerinnen-und-sportler-beim-schulsportfest\/\" target=\"_blank\" rel=\"noopener\">Amstettner Schulsportfest<\/a><\/strong> gegeneinander an.<\/p>\n\n\n\n<p>Wie auch schon in der Vergangenheit waren die <strong>Sch\u00fclerInnen des Gymnasiums die gro\u00dfen<br>Abr\u00e4umer<\/strong> und belegten sowohl bei den Burschen als auch bei den M\u00e4dchen in den<br>Altersgruppen Jugend D (2012\/13), Jugend C (20010\/11) und Jugend B (2008\/09) in der<br>Schulwertung jeweils den 1. Platz und in der Altersgruppe Jugend A (2007 und \u00e4lter) jeweils<br>den 2. Platz.<\/p>\n\n\n\n<p><strong>Teamwertungen<\/strong><\/p>\n\n\n\n<p><strong>M\u00e4nnl. Jugend A: <br>1.BRG Amstetten 283 Pkt. <\/strong><br>2. HAK Amstetten 270 Pkt. <br>3. Landesberufsschule 185 Pkt. <br>4. Wirtschaftsschulen Amstetten 76 Pkt.<\/p>\n\n\n\n<p><strong>M\u00e4nnl. Jugend B: <br>1. BRG Amstetten 283 Pkt. <\/strong><br>2. HAK Amstetten 279 Pkt. <br>3. HLW Amstetten 126 Pkt. <br>4. MS Amstetten 109 Pkt. <br>5. MS Mauer 75 Pkt. <br>6. PTS Amstetten 65 Pkt. <br>7. Wirtschaftsschulen Amstetten 26 Pkt. <br>8. Landesberufsschule 12 Pkt.<\/p>\n\n\n\n<p><strong>M\u00e4nnl. Jugend C: <br>1. BRG Amstetten 363 Pkt.<\/strong><br> 2.MS Amstetten 227 Pkt. <br>3. PNMS Amstetten 177 Pkt. <br>4. MS Mauer 109 Pkt. <br>5. MS Hausmening 77 Pkt.<\/p>\n\n\n\n<p><strong>M\u00e4nnl. Jugend D: <br>1. BRG Amstetten 369 Pkt. <\/strong><br>2.MS Amstetten 272 Pkt.<br>3. MS Mauer 136 Pkt. <br>4. MS Hausmening 115 Pkt.<\/p>\n\n\n\n<p><strong>Weibl. Jugend A: <\/strong><br>1. HAK Amstetten 307 Pkt. <br><strong>2. BRG Amstetten 299 Pkt. <\/strong><br>3.BAFEP Amstetten 207 Pkt. <br>4. Wirtschaftsschulen Amstetten 35 Pkt.<\/p>\n\n\n\n<p><strong>Weibl. Jugend B: <\/strong><br><strong>1. BRG Amstetten 313 Pkt. <\/strong><br>2.HLW Amstetten 206 Pkt. <br>3.HAK Amstetten 173 Pkt. <br>4.BAFEP 144 Pkt. <br>5. MS Amstetten 69 Pkt. <br>6. PNMS Amstetten 48 Pkt. <br>7. PTS Amstetten 36 Pkt.<\/p>\n\n\n\n<p><strong>Weibl. Jugend C:<\/strong> <br><strong>1. BRG Amstetten 322 Pkt. <\/strong><br>2. MS Amstetten 219 Pkt. <br>3. MS Hausmening 173 Pkt. <br>4. PNMS Amstetten 170 Pkt. <br>5. MS Mauer 61 Pkt.<\/p>\n\n\n\n<p><strong>Weibl. Jugend D: <\/strong><br><strong>1. BRG Amstetten 301 Pkt.<\/strong> <br>2.MS Mauer 244 Pkt. <br>3.PNMS Amstetten 194 Pkt. <br>4. MS Amstetten 113 Pkt. <br>5. MS Hausmening 102 Pkt.<\/p>\n\n\n\n<p>Nachfolgend noch die Namen der Sch\u00fcler, die in ihrer Altersgruppe Einzelsiege erringen<br>konnten:<\/p>\n\n\n\n<p><strong>Jugend D weiblich: <\/strong><br>Tabea Haslauer (800m), <br>Heidrun Birner (Vortexwurf), <br>Anna Pointner (Weitsprung)<\/p>\n\n\n\n<p><strong>Jugend D m\u00e4nnlich: <\/strong><br>Tobias Fellner (60m)<br>Alexander Krimm (800m)<br>Jonathan Kikinger (Weitsprung)<\/p>\n\n\n\n<p><strong>Jugend C weiblich: <\/strong><br>Viktoria Rauchenbichler (800m)<\/p>\n\n\n\n<p><strong>Jugend C m\u00e4nnlich: <\/strong><br>Noel Dreni (60m und Weitsprung), <br>Majd Altaweel (800m)<\/p>\n\n\n\n<p><strong>Jugend B weiblich: <\/strong><br>Julia Viklicky (Kugelsto\u00df)<br>Livia Paugarttner (Weitsprung)<\/p>\n\n\n\n<p><strong>Jugend B m\u00e4nnlich<\/strong>: <br>Peter Stiebitzhofer (60m und Weitsprung)<\/p>\n\n\n\n<p><strong>Jugend A weiblich<\/strong>: <br>Anika Gleiss (Kugelsto\u00df)<\/p>\n\n\n\n<p>Zus\u00e4tzlich konnten in den Altersgruppen Jugend D m\u00e4nnlich, Jugend C m\u00e4nnlich und Jugend<br>C weiblich die 8 mal 50m Staffel und in der Jugend B m\u00e4nnlich und Jugend B weiblich die 4<br>mal 400m Staffeln gewonnen werden!<\/p>\n\n\n\n<p>Herzliche Gratulation an die erfolgreichen Teilnehmer!<\/p>\n\n\n\n<p class=\"has-text-align-right\"><em>Mag. Gerald Steindl<\/em><\/p>\n\n\n\n<p>Alle Ergebnisse k\u00f6nnen unter folgendem Link:<br><a href=\"https:\/\/laportal.net\/Competitions\/Details\/13396\" target=\"_blank\" rel=\"noopener\">https:\/\/laportal.net\/Competitions\/Details\/13396 <\/a><\/p>\n\n\n\n<p>nachgelesen werden!<\/p>\n\n\n<div class=\"sgdg-gallery-container\" data-sgdg-hash=\"777c4e66805280753edaf9c164888289d6fba0d819b7779b5a7e8f4d2b913f1b\"><div class=\"sgdg-loading\"><div><\/div><\/div><\/div>","protected":false},"excerpt":{"rendered":"<p>Am 18.06.24 war es wieder so weit, bei herrlichem Sommerwetter traten die Sch\u00fclerInnen derunterschiedlichsten Schulen Amstettens in den verschiedensten leichtathletischen Disziplinenin 4 verschiedenen Altersgruppen beim traditionellen, von der Stadtgemeinde Amstettenveranstalteten Amstettner Schulsportfest gegeneinander an. Wie auch schon in der Vergangenheit waren die Sch\u00fclerInnen des Gymnasiums die gro\u00dfenAbr\u00e4umer und belegten sowohl bei den Burschen als auch&#8230;<\/p>\n","protected":false},"author":13,"featured_media":56388,"comment_status":"closed","ping_status":"closed","sticky":false,"template":"","format":"standard","meta":{"footnotes":""},"categories":[114,13,4],"tags":[44],"class_list":["post-56286","post","type-post","status-publish","format-standard","has-post-thumbnail","hentry","category-114","category-aktuelles","category-sportliches","tag-sport"],"_links":{"self":[{"href":"https:\/\/www.bgamstetten.ac.at\/index.php\/wp-json\/wp\/v2\/posts\/56286","targetHints":{"allow":["GET"]}}],"collection":[{"href":"https:\/\/www.bgamstetten.ac.at\/index.php\/wp-json\/wp\/v2\/posts"}],"about":[{"href":"https:\/\/www.bgamstetten.ac.at\/index.php\/wp-json\/wp\/v2\/types\/post"}],"author":[{"embeddable":true,"href":"https:\/\/www.bgamstetten.ac.at\/index.php\/wp-json\/wp\/v2\/users\/13"}],"replies":[{"embeddable":true,"href":"https:\/\/www.bgamstetten.ac.at\/index.php\/wp-json\/wp\/v2\/comments?post=56286"}],"version-history":[{"count":8,"href":"https:\/\/www.bgamstetten.ac.at\/index.php\/wp-json\/wp\/v2\/posts\/56286\/revisions"}],"predecessor-version":[{"id":56401,"href":"https:\/\/www.bgamstetten.ac.at\/index.php\/wp-json\/wp\/v2\/posts\/56286\/revisions\/56401"}],"wp:featuredmedia":[{"embeddable":true,"href":"https:\/\/www.bgamstetten.ac.at\/index.php\/wp-json\/wp\/v2\/media\/56388"}],"wp:attachment":[{"href":"https:\/\/www.bgamstetten.ac.at\/index.php\/wp-json\/wp\/v2\/media?parent=56286"}],"wp:term":[{"taxonomy":"category","embeddable":true,"href":"https:\/\/www.bgamstetten.ac.at\/index.php\/wp-json\/wp\/v2\/categories?post=56286"},{"taxonomy":"post_tag","embeddable":true,"href":"https:\/\/www.bgamstetten.ac.at\/index.php\/wp-json\/wp\/v2\/tags?post=56286"}],"curies":[{"name":"wp","href":"https:\/\/api.w.org\/{rel}","templated":true}]}}