{"id":56216,"date":"2024-05-29T20:00:00","date_gmt":"2024-05-29T18:00:00","guid":{"rendered":"https:\/\/www.bgamstetten.ac.at\/?p=56216"},"modified":"2024-06-03T20:39:42","modified_gmt":"2024-06-03T18:39:42","slug":"zweimal-bronze-fuer-unsere-la-teams","status":"publish","type":"post","link":"https:\/\/www.bgamstetten.ac.at\/index.php\/2024\/05\/29\/zweimal-bronze-fuer-unsere-la-teams\/","title":{"rendered":"Zweimal Bronze f\u00fcr unsere LA-Teams!"},"content":{"rendered":"<style type=\"text\/css\"><\/style>\n<p>Bei der am 29.5. im Sportzentrum N\u00d6 in St. P\u00f6lten durchgef\u00fchrten Landesmeisterschaft im <strong>Leichtathletik-Mannschafts-Mehrkampf<\/strong> konnten sich sowohl das M\u00e4dchen- als auch das Burschen-Oberstufen-Team unserer Schule den dritten Platz holen.<\/p>\n\n\n\n<p>Waren wir doch in den letzten Jahren mit einigen Landesmeistertiteln doch recht erfolgsverw\u00f6hnt, zeigte sich diesmal, dass das SportlerInnen-Leben eben kein Wunschkonzert ist und die anderen, wie einst ein \u00f6sterreichischer Sportreporter treffend formulierte, \u201eeben auch keine Wappler sind\u201c.<\/p>\n\n\n\n<p>So zeigte unser Burschenteam mit gleich f\u00fcnf Neulingen eine insgesamt sehr zufriedenstellende Leistung auf gutem Niveau. Allen voran brillierte <em>Peter Stiebitzhofer<\/em> mit der besten Punkteleistung des Tages \u00fcber 100m in 12,06 und 6,00m im Weitsprung, beides bei betr\u00e4chtlichem Gegenwind. Auch im Kugelsto\u00df war er mit 9,90m der beste der Mannschaft. Schade, dass er auch ganz gut kicken kann, sonst w\u00fcrde der Betreuer liebend gerne einen Leichtathleten aus ihm formen. <em>Paul Leuchtenm\u00fcller<\/em> lieferte ebenso im Sprint (12,56) und im Weitsprung (5,56m) sehr gut ab und holte genauso wie <em>Daniel Haider<\/em> im Hochsprung (1,64m) und \u00fcber die 800m (2\u00b419) wertvolle Punkte. <em>Kilian Wodak<\/em> war Daniel \u00fcber 800m bis ins Ziel dicht auf den Fersen und versetzte die Zuschauer vor allem mit 1,52m im Schersprung in Staunen. <em>Constantin Mille<\/em> und der kurzfristig eingesprungene <em>Florian Gruber<\/em> komplettierten das Team und liefen gemeinsam mit Paul und Peter eine erfolgreiche 4x100m-Staffel. Insgesamt war der Landesmeistertitel, gleichbedeutend mit dem Ticket zu den Bundesmeisterschaften, doch klar au\u00dfer Reichweite.<\/p>\n\n\n\n<p>Gleiches traf auf unser M\u00e4delsteam zu, das denkbar ungl\u00fccklich in den Wettkampftag startete. So verletzte sich Teamleaderin <em>Anika Glei\u00df<\/em> gleich im ersten Bewerb, dem 100m-Sprint und konnte danach an keiner weiteren Disziplin mehr teilnehmen. Dies dr\u00fcckte einerseits nat\u00fcrlich sehr auf die Stimmung in der Gruppe und andererseits bedurfte es auch einiger Umstellungen, um regelkonform in die Wertung zu kommen, die dem Team logischerweise aber nicht wirklich punktebringend waren. Dennoch k\u00e4mpften <em>Julia Viklicky, Katharina Leimer, Linda Artm\u00fcller, Luisa Kromoser und Sofie Luger<\/em> bis zum Schluss um jeden Punkt und brachten solide Leistungen im Rahmen ihrer M\u00f6glichkeiten. Mehr als Platz 2 w\u00e4re auch mit einer fitten Anika nicht m\u00f6glich gewesen.<\/p>\n\n\n\n<p>Wir freuen uns auf jeden Fall schon auf die Revanche im n\u00e4chsten Jahr! Bis dorthin hei\u00dfts aber ordentlich trainieren!<\/p>\n\n\n\n<p class=\"has-text-align-right\"><em>Mag. Klaus Vogl<\/em><\/p>\n\n\n<div class=\"sgdg-gallery-container\" data-sgdg-hash=\"bb5c56c73079d498a2c4be3b5959d44bde88ffed206b83a30e834d695ea0e5d2\"><div class=\"sgdg-loading\"><div><\/div><\/div><\/div>","protected":false},"excerpt":{"rendered":"<p>Bei der am 29.5. im Sportzentrum N\u00d6 in St. P\u00f6lten durchgef\u00fchrten Landesmeisterschaft im Leichtathletik-Mannschafts-Mehrkampf konnten sich sowohl das M\u00e4dchen- als auch das Burschen-Oberstufen-Team unserer Schule den dritten Platz holen. Waren wir doch in den letzten Jahren mit einigen Landesmeistertiteln doch recht erfolgsverw\u00f6hnt, zeigte sich diesmal, dass das SportlerInnen-Leben eben kein Wunschkonzert ist und die anderen,&#8230;<\/p>\n","protected":false},"author":13,"featured_media":56221,"comment_status":"closed","ping_status":"closed","sticky":false,"template":"","format":"standard","meta":{"footnotes":""},"categories":[114,13,4],"tags":[44],"class_list":["post-56216","post","type-post","status-publish","format-standard","has-post-thumbnail","hentry","category-114","category-aktuelles","category-sportliches","tag-sport"],"_links":{"self":[{"href":"https:\/\/www.bgamstetten.ac.at\/index.php\/wp-json\/wp\/v2\/posts\/56216","targetHints":{"allow":["GET"]}}],"collection":[{"href":"https:\/\/www.bgamstetten.ac.at\/index.php\/wp-json\/wp\/v2\/posts"}],"about":[{"href":"https:\/\/www.bgamstetten.ac.at\/index.php\/wp-json\/wp\/v2\/types\/post"}],"author":[{"embeddable":true,"href":"https:\/\/www.bgamstetten.ac.at\/index.php\/wp-json\/wp\/v2\/users\/13"}],"replies":[{"embeddable":true,"href":"https:\/\/www.bgamstetten.ac.at\/index.php\/wp-json\/wp\/v2\/comments?post=56216"}],"version-history":[{"count":2,"href":"https:\/\/www.bgamstetten.ac.at\/index.php\/wp-json\/wp\/v2\/posts\/56216\/revisions"}],"predecessor-version":[{"id":56222,"href":"https:\/\/www.bgamstetten.ac.at\/index.php\/wp-json\/wp\/v2\/posts\/56216\/revisions\/56222"}],"wp:featuredmedia":[{"embeddable":true,"href":"https:\/\/www.bgamstetten.ac.at\/index.php\/wp-json\/wp\/v2\/media\/56221"}],"wp:attachment":[{"href":"https:\/\/www.bgamstetten.ac.at\/index.php\/wp-json\/wp\/v2\/media?parent=56216"}],"wp:term":[{"taxonomy":"category","embeddable":true,"href":"https:\/\/www.bgamstetten.ac.at\/index.php\/wp-json\/wp\/v2\/categories?post=56216"},{"taxonomy":"post_tag","embeddable":true,"href":"https:\/\/www.bgamstetten.ac.at\/index.php\/wp-json\/wp\/v2\/tags?post=56216"}],"curies":[{"name":"wp","href":"https:\/\/api.w.org\/{rel}","templated":true}]}}