{"id":55327,"date":"2024-04-20T20:00:00","date_gmt":"2024-04-20T18:00:00","guid":{"rendered":"https:\/\/www.bgamstetten.ac.at\/?p=55327"},"modified":"2024-04-21T19:24:32","modified_gmt":"2024-04-21T17:24:32","slug":"bg-brg-amstetten-bei-tischtennis-schuelerliga-erfolgreich","status":"publish","type":"post","link":"https:\/\/www.bgamstetten.ac.at\/index.php\/2024\/04\/20\/bg-brg-amstetten-bei-tischtennis-schuelerliga-erfolgreich\/","title":{"rendered":"BG\/BRG Amstetten bei Tischtennis-Sch\u00fclerliga erfolgreich"},"content":{"rendered":"<style type=\"text\/css\"><\/style>\n<p>Das Schuljahr 2023\/24 brachte f\u00fcr das BG\/BRG Amstetten in der <strong>Tischtennis-Sch\u00fclerliga<\/strong> eine Reihe bemerkenswerter Erfolge. Mit Teilnahmen in drei verschiedenen Bewerben und gro\u00dfartigen Leistungen zeigten die Teams nicht nur sportliche St\u00e4rke, sondern auch Fairplay und Teamgeist.<\/p>\n\n\n\n<p>Der erste Bewerb, der am 30. Januar 2024 in der <strong>Oberstufe mit Verbandsspielern<\/strong> stattfand, war ein gro\u00dfer Erfolg f\u00fcr das BG\/BRG Amstetten. Das Team, bestehend aus Lorenz Korak (8bs), Jan T\u00fcchler (8bs), Manuel Forstner (6bs) und Jeremias Haslauer (5bs), sicherte sich den Titel des <strong>Vizelandesmeisters<\/strong>! Im Turnsaal der Volksschule Preinsbacherstra\u00dfe in Amstetten pr\u00e4sentierten die Spieler ihr technisches K\u00f6nnen und strategisches Denken in beeindruckenden Matches.<\/p>\n\n\n\n<p>Der zweite Bewerb wurde am 20. Februar 2024 in der <strong>Unterstufe mit Hobbyspielern<\/strong> in der Mittelschule Amstetten abgehalten. Die Mannschaft setzte sich zusammen aus Moritz Krejci (4b), Raphael Figel (2c), Marlon Winter (1d), Jonas Biesenberger (1d) und Jakob M\u00fcller (1b). Die Sch\u00fcler k\u00e4mpften mit gro\u00dfem Einsatz, zeigten Spa\u00df am Spiel und belegten den tollen <strong>f\u00fcnften Platz<\/strong>.<\/p>\n\n\n\n<p>Beim Bewerb <strong>Oberstufe mit Hobbyspielern<\/strong>, der am 12. M\u00e4rz 2024 im Josephinum Wieselburg ausgetragen wurde, erreichte das Team mit Moritz Hofmarcher (5ag), Tobias Haiden (5ag) und Sebastian Peneder (5ag) den erfolgreichen <strong>dritten Platz<\/strong>. Auch hier demonstrierten die Spieler ihre gro\u00dfartigen F\u00e4higkeiten im Umgang mit dem Tischtennisschl\u00e4ger.<\/p>\n\n\n\n<p>Neben den sportlichen Erfolgen zeigte das BG\/BRG Amstetten auch vorbildliches Fairplay und Respekt gegen\u00fcber den Gegnern, was den Teamgeist die Atmosph\u00e4re w\u00e4hrend der Spiele besonders positiv gestaltete.<\/p>\n\n\n\n<p>Die Erfolge des BG\/BRG Amstetten in der Tischtennis-Sch\u00fclerliga unterstreichen die Bedeutung von Sport f\u00fcr die pers\u00f6nliche Entwicklung junger Menschen. Wir gratulieren allen Teilnehmern zu ihren Leistungen und freuen uns auf weitere Erfolge in der Zukunft.<\/p>\n\n\n<div class=\"sgdg-gallery-container\" data-sgdg-hash=\"3aa90f1782196db421a79b339a5290743c10be09250f8d0928d2b2c94a580460\"><div class=\"sgdg-loading\"><div><\/div><\/div><\/div>","protected":false},"excerpt":{"rendered":"<p>Das Schuljahr 2023\/24 brachte f\u00fcr das BG\/BRG Amstetten in der Tischtennis-Sch\u00fclerliga eine Reihe bemerkenswerter Erfolge. Mit Teilnahmen in drei verschiedenen Bewerben und gro\u00dfartigen Leistungen zeigten die Teams nicht nur sportliche St\u00e4rke, sondern auch Fairplay und Teamgeist. Der erste Bewerb, der am 30. Januar 2024 in der Oberstufe mit Verbandsspielern stattfand, war ein gro\u00dfer Erfolg f\u00fcr&#8230;<\/p>\n","protected":false},"author":13,"featured_media":55328,"comment_status":"closed","ping_status":"closed","sticky":false,"template":"","format":"standard","meta":{"footnotes":""},"categories":[114,13,4],"tags":[],"class_list":["post-55327","post","type-post","status-publish","format-standard","has-post-thumbnail","hentry","category-114","category-aktuelles","category-sportliches"],"_links":{"self":[{"href":"https:\/\/www.bgamstetten.ac.at\/index.php\/wp-json\/wp\/v2\/posts\/55327","targetHints":{"allow":["GET"]}}],"collection":[{"href":"https:\/\/www.bgamstetten.ac.at\/index.php\/wp-json\/wp\/v2\/posts"}],"about":[{"href":"https:\/\/www.bgamstetten.ac.at\/index.php\/wp-json\/wp\/v2\/types\/post"}],"author":[{"embeddable":true,"href":"https:\/\/www.bgamstetten.ac.at\/index.php\/wp-json\/wp\/v2\/users\/13"}],"replies":[{"embeddable":true,"href":"https:\/\/www.bgamstetten.ac.at\/index.php\/wp-json\/wp\/v2\/comments?post=55327"}],"version-history":[{"count":1,"href":"https:\/\/www.bgamstetten.ac.at\/index.php\/wp-json\/wp\/v2\/posts\/55327\/revisions"}],"predecessor-version":[{"id":55329,"href":"https:\/\/www.bgamstetten.ac.at\/index.php\/wp-json\/wp\/v2\/posts\/55327\/revisions\/55329"}],"wp:featuredmedia":[{"embeddable":true,"href":"https:\/\/www.bgamstetten.ac.at\/index.php\/wp-json\/wp\/v2\/media\/55328"}],"wp:attachment":[{"href":"https:\/\/www.bgamstetten.ac.at\/index.php\/wp-json\/wp\/v2\/media?parent=55327"}],"wp:term":[{"taxonomy":"category","embeddable":true,"href":"https:\/\/www.bgamstetten.ac.at\/index.php\/wp-json\/wp\/v2\/categories?post=55327"},{"taxonomy":"post_tag","embeddable":true,"href":"https:\/\/www.bgamstetten.ac.at\/index.php\/wp-json\/wp\/v2\/tags?post=55327"}],"curies":[{"name":"wp","href":"https:\/\/api.w.org\/{rel}","templated":true}]}}