{"id":55086,"date":"2024-03-09T07:27:00","date_gmt":"2024-03-09T06:27:00","guid":{"rendered":"https:\/\/www.bgamstetten.ac.at\/?p=55086"},"modified":"2024-03-18T21:44:13","modified_gmt":"2024-03-18T20:44:13","slug":"ski-cross-trainingscamp-auf-der-reiteralm","status":"publish","type":"post","link":"https:\/\/www.bgamstetten.ac.at\/index.php\/2024\/03\/09\/ski-cross-trainingscamp-auf-der-reiteralm\/","title":{"rendered":"Ski Cross Trainingscamp auf der Reiteralm"},"content":{"rendered":"<style type=\"text\/css\"><\/style>\n<p>Am <strong>Sa, den 09.03.2024 <\/strong>nahmen unsere Sch\u00fclerInnen zum zweiten Mal in Folge am von <strong>Sch\u00f6ffel organisierten <\/strong>und <strong>durchgef\u00fchrten Ski Cross Trainingscamp <\/strong>auf der <strong>Reiteralm <\/strong>teil.   <\/p>\n\n\n\n<p>Bei dieses Mal perfekten Bedingungen konnten unsere <strong>aktuellen <\/strong>und <strong>ehemaligen Sch\u00fclerInnen <\/strong>dank der <a href=\"http:\/\/ski-esv.at\" data-type=\"link\" data-id=\"ski-esv.at\" target=\"_blank\" rel=\"noopener\"><strong>Kooperation mit dem ESV Umdasch Amstetten <\/strong><\/a>(danke an Gregor Breinl und Manfred Liendl f\u00fcr die Betreuung) ihr volles K\u00f6nnen zeigen. Das war auch notwendig, denn die <strong>Ski Cross Weltcupstrecke <\/strong>auf der Reiteralm hat schon so einige Profis abgeworfen. Dank dem <strong>individuell in Kleingruppen stattfindenden Coaching <\/strong>(<strong>Warm-Up, Starttraining, Streckenbesichtigung inkl. <\/strong>wichtigen <strong>Tipps zur Geschwindigkeit <\/strong>und <strong>Linienf\u00fchrung<\/strong>) von den <strong>anwesenden WeltcupathletInnen <\/strong>(unter anderem <strong>Katrin Ofner<\/strong> und <strong>Tristan Takats<\/strong> ) meisterten unsere Sch\u00fclerInnen die <strong>sehr anspruchsvolle Strecke ohne gro\u00dfe St\u00fcrze<\/strong>.  <\/p>\n\n\n\n<p>Nicht nur die <strong>Sch\u00fclerInnen <\/strong>waren von der Veranstaltung <strong>\u00fcberw\u00e4ltigt<\/strong>, sondern auch die <strong>Organisatorin von Sch\u00f6ffel Monika Wagner <\/strong>freute sich \u00fcber viele <strong>strahlende <\/strong>und <strong>mit Adrenalin vollgepumpten Kinder und Jugendliche<\/strong>: &#8222;Es ist wahnsinnig sch\u00f6n zu sehen, wie viel Spa\u00df die Kids auf der Skicross Strecke haben!&#8220; <\/p>\n\n\n\n<p>Zum Abschluss wurden alle TeilnehmerInnen <strong>zum Essen eingeladen <\/strong>und bekamen einen tollen <strong>Sch\u00f6ffel-Hoodie als Dank f\u00fcr die Teilnahme<\/strong>. Auch wir als Schule gemeinsam mit dem Verein ESV Umdasch Amstetten m\u00f6chten uns ganz herzlich bei Sch\u00f6ffel f\u00fcr die <strong>perfekte Organisation <\/strong>des so <strong>tollen Events bedanken<\/strong>. <\/p>\n\n\n\n<p class=\"has-text-align-right\">Mag. Andreas Lahmer <\/p>\n\n\n\n<p><a href=\"https:\/\/drive.google.com\/drive\/folders\/1ub__28NV-M4RYKQj0RihRLqy32uGBH5l?usp=sharing\" data-type=\"link\" data-id=\"https:\/\/drive.google.com\/drive\/folders\/1ub__28NV-M4RYKQj0RihRLqy32uGBH5l?usp=sharing\" target=\"_blank\" rel=\"noopener\"><strong>Hier geht&#8217;s zu den Videos<\/strong><\/a><\/p>\n\n\n<div class=\"sgdg-gallery-container\" data-sgdg-hash=\"1c87d906ec23aedc0f409f7f2610784ab9abd74f18b89ac81d645ebe83ea69b6\"><div class=\"sgdg-loading\"><div><\/div><\/div><\/div>","protected":false},"excerpt":{"rendered":"<p>Am Sa, den 09.03.2024 nahmen unsere Sch\u00fclerInnen zum zweiten Mal in Folge am von Sch\u00f6ffel organisierten und durchgef\u00fchrten Ski Cross Trainingscamp auf der Reiteralm teil. Bei dieses Mal perfekten Bedingungen konnten unsere aktuellen und ehemaligen Sch\u00fclerInnen dank der Kooperation mit dem ESV Umdasch Amstetten (danke an Gregor Breinl und Manfred Liendl f\u00fcr die Betreuung) ihr&#8230;<\/p>\n","protected":false},"author":14,"featured_media":55087,"comment_status":"closed","ping_status":"closed","sticky":false,"template":"","format":"standard","meta":{"footnotes":""},"categories":[114,13,4,83],"tags":[],"class_list":["post-55086","post","type-post","status-publish","format-standard","has-post-thumbnail","hentry","category-114","category-aktuelles","category-sportliches","category-ski-am-gym"],"_links":{"self":[{"href":"https:\/\/www.bgamstetten.ac.at\/index.php\/wp-json\/wp\/v2\/posts\/55086","targetHints":{"allow":["GET"]}}],"collection":[{"href":"https:\/\/www.bgamstetten.ac.at\/index.php\/wp-json\/wp\/v2\/posts"}],"about":[{"href":"https:\/\/www.bgamstetten.ac.at\/index.php\/wp-json\/wp\/v2\/types\/post"}],"author":[{"embeddable":true,"href":"https:\/\/www.bgamstetten.ac.at\/index.php\/wp-json\/wp\/v2\/users\/14"}],"replies":[{"embeddable":true,"href":"https:\/\/www.bgamstetten.ac.at\/index.php\/wp-json\/wp\/v2\/comments?post=55086"}],"version-history":[{"count":4,"href":"https:\/\/www.bgamstetten.ac.at\/index.php\/wp-json\/wp\/v2\/posts\/55086\/revisions"}],"predecessor-version":[{"id":55095,"href":"https:\/\/www.bgamstetten.ac.at\/index.php\/wp-json\/wp\/v2\/posts\/55086\/revisions\/55095"}],"wp:featuredmedia":[{"embeddable":true,"href":"https:\/\/www.bgamstetten.ac.at\/index.php\/wp-json\/wp\/v2\/media\/55087"}],"wp:attachment":[{"href":"https:\/\/www.bgamstetten.ac.at\/index.php\/wp-json\/wp\/v2\/media?parent=55086"}],"wp:term":[{"taxonomy":"category","embeddable":true,"href":"https:\/\/www.bgamstetten.ac.at\/index.php\/wp-json\/wp\/v2\/categories?post=55086"},{"taxonomy":"post_tag","embeddable":true,"href":"https:\/\/www.bgamstetten.ac.at\/index.php\/wp-json\/wp\/v2\/tags?post=55086"}],"curies":[{"name":"wp","href":"https:\/\/api.w.org\/{rel}","templated":true}]}}