{"id":54981,"date":"2024-02-28T21:10:00","date_gmt":"2024-02-28T20:10:00","guid":{"rendered":"https:\/\/www.bgamstetten.ac.at\/?p=54981"},"modified":"2024-03-03T20:43:06","modified_gmt":"2024-03-03T19:43:06","slug":"spanische-sprachzertifikate","status":"publish","type":"post","link":"https:\/\/www.bgamstetten.ac.at\/index.php\/2024\/02\/28\/spanische-sprachzertifikate\/","title":{"rendered":"Spanische Sprachzertifikate"},"content":{"rendered":"<style type=\"text\/css\"><\/style>\n<p>Direktor Mag. Josef Spreitz hat am 28. 2. 2024 den sprachbegabten Sch\u00fclerinnen der 8A gratuliert, die am Instituto Cervantes die DELE-Zertifikate mit gro\u00dfem Erfolg bestanden haben. Vorbereitet wurden die drei im Rahmen der Begabtenf\u00f6rderung Spanisch von Dr. Elisabeth Hofer.<\/p>\n","protected":false},"excerpt":{"rendered":"<p>Direktor Mag. Josef Spreitz hat am 28. 2. 2024 den sprachbegabten Sch\u00fclerinnen der 8A gratuliert, die am Instituto Cervantes die DELE-Zertifikate mit gro\u00dfem Erfolg bestanden haben. Vorbereitet wurden die drei im Rahmen der Begabtenf\u00f6rderung Spanisch von Dr. Elisabeth Hofer.<\/p>\n","protected":false},"author":13,"featured_media":54982,"comment_status":"closed","ping_status":"closed","sticky":false,"template":"","format":"standard","meta":{"footnotes":""},"categories":[114,13,8],"tags":[22],"class_list":["post-54981","post","type-post","status-publish","format-standard","has-post-thumbnail","hentry","category-114","category-aktuelles","category-sprachen","tag-sprachen"],"_links":{"self":[{"href":"https:\/\/www.bgamstetten.ac.at\/index.php\/wp-json\/wp\/v2\/posts\/54981","targetHints":{"allow":["GET"]}}],"collection":[{"href":"https:\/\/www.bgamstetten.ac.at\/index.php\/wp-json\/wp\/v2\/posts"}],"about":[{"href":"https:\/\/www.bgamstetten.ac.at\/index.php\/wp-json\/wp\/v2\/types\/post"}],"author":[{"embeddable":true,"href":"https:\/\/www.bgamstetten.ac.at\/index.php\/wp-json\/wp\/v2\/users\/13"}],"replies":[{"embeddable":true,"href":"https:\/\/www.bgamstetten.ac.at\/index.php\/wp-json\/wp\/v2\/comments?post=54981"}],"version-history":[{"count":1,"href":"https:\/\/www.bgamstetten.ac.at\/index.php\/wp-json\/wp\/v2\/posts\/54981\/revisions"}],"predecessor-version":[{"id":54983,"href":"https:\/\/www.bgamstetten.ac.at\/index.php\/wp-json\/wp\/v2\/posts\/54981\/revisions\/54983"}],"wp:featuredmedia":[{"embeddable":true,"href":"https:\/\/www.bgamstetten.ac.at\/index.php\/wp-json\/wp\/v2\/media\/54982"}],"wp:attachment":[{"href":"https:\/\/www.bgamstetten.ac.at\/index.php\/wp-json\/wp\/v2\/media?parent=54981"}],"wp:term":[{"taxonomy":"category","embeddable":true,"href":"https:\/\/www.bgamstetten.ac.at\/index.php\/wp-json\/wp\/v2\/categories?post=54981"},{"taxonomy":"post_tag","embeddable":true,"href":"https:\/\/www.bgamstetten.ac.at\/index.php\/wp-json\/wp\/v2\/tags?post=54981"}],"curies":[{"name":"wp","href":"https:\/\/api.w.org\/{rel}","templated":true}]}}