{"id":54856,"date":"2024-02-12T10:37:46","date_gmt":"2024-02-12T09:37:46","guid":{"rendered":"https:\/\/www.bgamstetten.ac.at\/?p=54856"},"modified":"2024-02-20T10:42:29","modified_gmt":"2024-02-20T09:42:29","slug":"exkursion-kunsthistorisches-museum","status":"publish","type":"post","link":"https:\/\/www.bgamstetten.ac.at\/index.php\/2024\/02\/12\/exkursion-kunsthistorisches-museum\/","title":{"rendered":"Exkursion Kunsthistorisches Museum"},"content":{"rendered":"<style type=\"text\/css\"><\/style>\n<p>Am 30. J\u00e4nner machten wir uns \u2013 die Sch\u00fcler und Sch\u00fclerinnen der Lang- und Kurzlateingruppe der 8. Klassen \u2013 mit dem Zug auf nach Wien, um das Kunsthistorische Museum zu besuchen.<\/p>\n\n\n\n<p>Dort angekommen bekamen wir, aufgeteilt in zwei Gruppen, ein F\u00fchrung rund um die griechische und r\u00f6mische Mythologie. Dabei konnten wir Kunstwerke zu den Metamorphosen von Ovid betrachten und das im Lateinunterricht erlernte Wissen anwenden und erweitern. Wir sahen verschiedenste Ausstellungst\u00fccke \u2013 von Vasen aus der griechischen Antike, \u00fcber Skulpturen, bis hin zu vielen Gem\u00e4lden von K\u00fcnstlern wie beispielsweise Rubens. Bei der F\u00fchrung bekamen wir n\u00e4here Informationen zu den abgebildeten Personen, aber auch \u00fcber die Kunstwerke selbst.\u00a0<\/p>\n\n\n\n<p>Nach einem spannenden und informativen Tag machten wir uns schlie\u00dflich auf den Heimweg.&nbsp;&nbsp;&nbsp;<\/p>\n\n\n\n<p class=\"has-text-align-right\"><em>Laura Kogler, 8ag<\/em><\/p>\n\n\n<div class=\"sgdg-gallery-container\" data-sgdg-hash=\"b511227c518c1fcb02a795492e97856d944612a10cc5dfba947efb9bdbf2491e\"><div class=\"sgdg-loading\"><div><\/div><\/div><\/div>","protected":false},"excerpt":{"rendered":"<p>Am 30. J\u00e4nner machten wir uns \u2013 die Sch\u00fcler und Sch\u00fclerinnen der Lang- und Kurzlateingruppe der 8. Klassen \u2013 mit dem Zug auf nach Wien, um das Kunsthistorische Museum zu besuchen. Dort angekommen bekamen wir, aufgeteilt in zwei Gruppen, ein F\u00fchrung rund um die griechische und r\u00f6mische Mythologie. Dabei konnten wir Kunstwerke zu den Metamorphosen&#8230;<\/p>\n","protected":false},"author":14,"featured_media":54857,"comment_status":"closed","ping_status":"closed","sticky":false,"template":"","format":"standard","meta":{"footnotes":""},"categories":[114,13,7,8],"tags":[],"class_list":["post-54856","post","type-post","status-publish","format-standard","has-post-thumbnail","hentry","category-114","category-aktuelles","category-musikalisches-und-kreatives","category-sprachen"],"_links":{"self":[{"href":"https:\/\/www.bgamstetten.ac.at\/index.php\/wp-json\/wp\/v2\/posts\/54856","targetHints":{"allow":["GET"]}}],"collection":[{"href":"https:\/\/www.bgamstetten.ac.at\/index.php\/wp-json\/wp\/v2\/posts"}],"about":[{"href":"https:\/\/www.bgamstetten.ac.at\/index.php\/wp-json\/wp\/v2\/types\/post"}],"author":[{"embeddable":true,"href":"https:\/\/www.bgamstetten.ac.at\/index.php\/wp-json\/wp\/v2\/users\/14"}],"replies":[{"embeddable":true,"href":"https:\/\/www.bgamstetten.ac.at\/index.php\/wp-json\/wp\/v2\/comments?post=54856"}],"version-history":[{"count":1,"href":"https:\/\/www.bgamstetten.ac.at\/index.php\/wp-json\/wp\/v2\/posts\/54856\/revisions"}],"predecessor-version":[{"id":54858,"href":"https:\/\/www.bgamstetten.ac.at\/index.php\/wp-json\/wp\/v2\/posts\/54856\/revisions\/54858"}],"wp:featuredmedia":[{"embeddable":true,"href":"https:\/\/www.bgamstetten.ac.at\/index.php\/wp-json\/wp\/v2\/media\/54857"}],"wp:attachment":[{"href":"https:\/\/www.bgamstetten.ac.at\/index.php\/wp-json\/wp\/v2\/media?parent=54856"}],"wp:term":[{"taxonomy":"category","embeddable":true,"href":"https:\/\/www.bgamstetten.ac.at\/index.php\/wp-json\/wp\/v2\/categories?post=54856"},{"taxonomy":"post_tag","embeddable":true,"href":"https:\/\/www.bgamstetten.ac.at\/index.php\/wp-json\/wp\/v2\/tags?post=54856"}],"curies":[{"name":"wp","href":"https:\/\/api.w.org\/{rel}","templated":true}]}}