{"id":54549,"date":"2023-12-05T19:01:57","date_gmt":"2023-12-05T18:01:57","guid":{"rendered":"https:\/\/www.bgamstetten.ac.at\/?p=54549"},"modified":"2024-01-12T09:34:56","modified_gmt":"2024-01-12T08:34:56","slug":"masterpraxis-franzoesisch","status":"publish","type":"post","link":"https:\/\/www.bgamstetten.ac.at\/index.php\/2023\/12\/05\/masterpraxis-franzoesisch\/","title":{"rendered":"Masterpraxis Franz\u00f6sisch"},"content":{"rendered":"<style type=\"text\/css\"><\/style>\n<p><strong>Travail en groupe \u2013 Stationenbetrieb du Cycle long 7A et 8A<\/strong><\/p>\n\n\n\n<p>Am 5. 12. hat in den Franz\u00f6sisch-Langformgruppen der 7A und 8A ein Stationenbetrieb stattgefunden, den die <em>Stagiaire<\/em> und angehende Franz\u00f6sischlehrerin Marlene Glack aus Wien durchgef\u00fchrt hat. Im Rahmen meiner T\u00e4tigkeit als Mentorin betreue ich Marlene, die viele kreative und spannende Unterrichtseinheiten abh\u00e4lt, im Rahmen ihrer Masterpraxis Franz\u00f6sisch.<br>Sie hat unterschiedliche Aktivit\u00e4ten zur Festigung der Unterrichtsinhalte geplant und umgesetzt:<\/p>\n\n\n\n<p>5 activit\u00e9s \u00e0 8 &#8211; 10&nbsp; minutes<\/p>\n\n\n\n<p><strong>Station 1:<\/strong> Conversation \u00ab&nbsp;Jenga&nbsp;\u00bb<br><strong>Station 2<\/strong>: Aventure de lecture: Strasbourg &#8211; la ville de No\u00ebl<br><strong>Station 3<\/strong>: Le Conditionnel&nbsp;<br><strong>Station 4<\/strong>: Cr\u00e9er une bande dessin\u00e9e&nbsp;<br><strong>Station 5<\/strong>: Jeu de d\u00e9s pour pratiquer les temps<\/p>\n\n\n\n<p>Da Abwechslung und Gruppenarbeiten im Fremdsprachenunterricht immer hoch im Kurs stehen, sind die Stationen mit franz\u00f6sischen Inhalten sehr gut angekommen!&nbsp;<\/p>\n\n\n\n<p class=\"has-text-align-right\"><em>Dr. Elisabeth Hofer<\/em><\/p>\n\n\n<div class=\"sgdg-gallery-container\" data-sgdg-hash=\"71537cfe77fa8f12c8428f6d33877165239bc34e98b4402690f6911127d3127a\"><div class=\"sgdg-loading\"><div><\/div><\/div><\/div>","protected":false},"excerpt":{"rendered":"<p>Travail en groupe \u2013 Stationenbetrieb du Cycle long 7A et 8A Am 5. 12. hat in den Franz\u00f6sisch-Langformgruppen der 7A und 8A ein Stationenbetrieb stattgefunden, den die Stagiaire und angehende Franz\u00f6sischlehrerin Marlene Glack aus Wien durchgef\u00fchrt hat. Im Rahmen meiner T\u00e4tigkeit als Mentorin betreue ich Marlene, die viele kreative und spannende Unterrichtseinheiten abh\u00e4lt, im Rahmen&#8230;<\/p>\n","protected":false},"author":13,"featured_media":54550,"comment_status":"closed","ping_status":"closed","sticky":false,"template":"","format":"standard","meta":{"footnotes":""},"categories":[114,13,8],"tags":[],"class_list":["post-54549","post","type-post","status-publish","format-standard","has-post-thumbnail","hentry","category-114","category-aktuelles","category-sprachen"],"_links":{"self":[{"href":"https:\/\/www.bgamstetten.ac.at\/index.php\/wp-json\/wp\/v2\/posts\/54549","targetHints":{"allow":["GET"]}}],"collection":[{"href":"https:\/\/www.bgamstetten.ac.at\/index.php\/wp-json\/wp\/v2\/posts"}],"about":[{"href":"https:\/\/www.bgamstetten.ac.at\/index.php\/wp-json\/wp\/v2\/types\/post"}],"author":[{"embeddable":true,"href":"https:\/\/www.bgamstetten.ac.at\/index.php\/wp-json\/wp\/v2\/users\/13"}],"replies":[{"embeddable":true,"href":"https:\/\/www.bgamstetten.ac.at\/index.php\/wp-json\/wp\/v2\/comments?post=54549"}],"version-history":[{"count":2,"href":"https:\/\/www.bgamstetten.ac.at\/index.php\/wp-json\/wp\/v2\/posts\/54549\/revisions"}],"predecessor-version":[{"id":54677,"href":"https:\/\/www.bgamstetten.ac.at\/index.php\/wp-json\/wp\/v2\/posts\/54549\/revisions\/54677"}],"wp:featuredmedia":[{"embeddable":true,"href":"https:\/\/www.bgamstetten.ac.at\/index.php\/wp-json\/wp\/v2\/media\/54550"}],"wp:attachment":[{"href":"https:\/\/www.bgamstetten.ac.at\/index.php\/wp-json\/wp\/v2\/media?parent=54549"}],"wp:term":[{"taxonomy":"category","embeddable":true,"href":"https:\/\/www.bgamstetten.ac.at\/index.php\/wp-json\/wp\/v2\/categories?post=54549"},{"taxonomy":"post_tag","embeddable":true,"href":"https:\/\/www.bgamstetten.ac.at\/index.php\/wp-json\/wp\/v2\/tags?post=54549"}],"curies":[{"name":"wp","href":"https:\/\/api.w.org\/{rel}","templated":true}]}}