{"id":54512,"date":"2023-12-01T19:28:08","date_gmt":"2023-12-01T18:28:08","guid":{"rendered":"https:\/\/www.bgamstetten.ac.at\/?p=54512"},"modified":"2023-12-05T06:51:58","modified_gmt":"2023-12-05T05:51:58","slug":"tag-der-offenen-tuer-ein-tag-voller-highlights","status":"publish","type":"post","link":"https:\/\/www.bgamstetten.ac.at\/index.php\/2023\/12\/01\/tag-der-offenen-tuer-ein-tag-voller-highlights\/","title":{"rendered":"Tag der offenen T\u00fcr &#8211; ein Tag voller Highlights!"},"content":{"rendered":"<style type=\"text\/css\"><\/style>\n<p>Das Ostarrichi-Gymnasium birgt einen <strong>Schatz fundierter Allgemeinbildung<\/strong>, <strong>pr\u00e4gender Erlebnisse <\/strong>und <strong>wertorientierter Pers\u00f6nlichkeitsbildung <\/strong>\u2013 das erlebten die zahlreichen BesucherInnen am Tag der offenen T\u00fcr, zu dem am 1. Dezember geladen war.<\/p>\n\n\n\n<p>Dass dieser Tag so gro\u00dfen Anklang gefunden hatte, lag nicht zuletzt am <strong>Engagement unserer Sch\u00fclerInnen<\/strong>, die sich auf vielf\u00e4ltige Art und Weise eingebracht hatten \u2013 angefangen von Schulf\u00fchrungen \u00fcber die vielen Stationen bis hin zur Ausrichtung des Buffets.\u00a0<\/p>\n\n\n\n<p>Den ganzen Nachmittag hindurch begr\u00fc\u00dften <strong>Direktor Mag. Josef Spreitz<\/strong>, die <strong>Bildungsberater Mag. Sengschmid <\/strong>und <strong>Mag. Weger-Lichtenberger<\/strong>, die f\u00fcr die Organisation des Nachmittages verantwortlich zeichnete, die zahlreich erschienenen Besucher. Von Sch\u00fclerinnen und Sch\u00fclern der siebten und achten Klassen begleitet, konnten interessierte Volkssch\u00fclerInnen und Eltern einen sch\u00f6nen Einblick in die inhaltlichen Schwerpunkte sowie in die Attraktionen unserer Schule gewinnen. Jedes Jahr aufs Neue zeigen sich die Besucher begeistert von dem\u00a0 vielf\u00e4ltigen Bildungsangebot des Gymnasiums.\u00a0<\/p>\n\n\n\n<p><strong>Sprachschnupperkurse <\/strong>stimmten die Kinder auf das <strong>umfangreiche Sprachangebot am Gymnasium <\/strong>ein \u2013 <strong>Englisch, Franz\u00f6sisch, Latein <\/strong>und <strong>Spanisch <\/strong>wurden engagiert pr\u00e4sentiert und erlebbar gemacht. <strong>Bibliotheksf\u00fchrungen und Theaterauff\u00fchrungen <\/strong>komplettierten das Bild. Vom <strong>abwechslungsreichen Turnunterricht <\/strong>konnten sich die G\u00e4ste in den beiden Turns\u00e4len ein Bild machen, wo sie von den Sch\u00fclerinnen und Sch\u00fclern der Sportklassen auch eingeladen wurden, selbst aktiv zu werden; Das <strong>informatische und naturwissenschaftliche Angebot <\/strong>unserer Schule wurde in den Sonders\u00e4len pr\u00e4sentiert, so konnten sich die kleinen Besucher am Mikroskopieren sowie an chemischen und physikalischen Versuchen beteiligen oder auch den Computer als wichtiges Lehr- und Lernmedium ausprobieren. Heuer erstmals dabei: Stationen mit Mathematik und Psychologie und Biologie mit allen Sinnen! Die <strong>Musik als wesentlicher Bestandteil der Ausbildung am Gymnasium <\/strong>kam durch Auftritte der Schulband, der Musikklasse 6am und des Schulchors und der Pr\u00e4sentation des umfangreichen Angebots im Musiksaal voll zur Geltung. Das kreative Angebot des Gymnasiums wurde mit <strong>experimentellem N\u00e4hen sowie Kunst und Gestaltung <\/strong>erg\u00e4nzt.<br>Ein <strong>k\u00f6stliches Buffet <\/strong>trug wieder zum wesentlichen Gelingen des Nachmittags bei. Nachmittagsbetreuung und Peer-Mediation wurden ebenso vorgestellt wie diverse <strong>Schulfilme im Kino im zweiten Stock<\/strong>, ebenso standen <strong>VertreterInnen des Elternvereins <\/strong>f\u00fcr Gespr\u00e4che zur Verf\u00fcgung.<\/p>\n\n\n\n<p>Allen Sch\u00fclerInnen und LehrerInnen danken wir herzlich, die diesen Tag kreativ mitgestaltet oder in der Vorbereitung mitgeholfen haben. <strong>Besonderer Dank <\/strong>gilt <strong>Mag. Doris Weger-Lichtenberger <\/strong>f\u00fcr die zeitaufw\u00e4ndige Koordination. Dieser Tag der offenen T\u00fcr hat es wieder gezeigt: Unser Gymnasium ist eine Bildungsinstitution, die Bildung in ihrer ganzen Vielfalt lebt und Zukunft gestaltet!<\/p>\n\n\n\n<p class=\"has-text-align-right\"><em>Mag. Sengschmid<\/em><\/p>\n\n\n<div class=\"sgdg-gallery-container\" data-sgdg-hash=\"e66ba295c6a0e5ea42f79c3d15c57afbe14f2c02ae282ee1dc04cd01ca9182d0\"><div class=\"sgdg-loading\"><div><\/div><\/div><\/div>","protected":false},"excerpt":{"rendered":"<p>Das Ostarrichi-Gymnasium birgt einen Schatz fundierter Allgemeinbildung, pr\u00e4gender Erlebnisse und wertorientierter Pers\u00f6nlichkeitsbildung \u2013 das erlebten die zahlreichen BesucherInnen am Tag der offenen T\u00fcr, zu dem am 1. Dezember geladen war. Dass dieser Tag so gro\u00dfen Anklang gefunden hatte, lag nicht zuletzt am Engagement unserer Sch\u00fclerInnen, die sich auf vielf\u00e4ltige Art und Weise eingebracht hatten \u2013&#8230;<\/p>\n","protected":false},"author":13,"featured_media":54524,"comment_status":"closed","ping_status":"closed","sticky":false,"template":"","format":"standard","meta":{"footnotes":""},"categories":[114,13,24],"tags":[80],"class_list":["post-54512","post","type-post","status-publish","format-standard","has-post-thumbnail","hentry","category-114","category-aktuelles","category-bildungsberatung","tag-tdot"],"_links":{"self":[{"href":"https:\/\/www.bgamstetten.ac.at\/index.php\/wp-json\/wp\/v2\/posts\/54512","targetHints":{"allow":["GET"]}}],"collection":[{"href":"https:\/\/www.bgamstetten.ac.at\/index.php\/wp-json\/wp\/v2\/posts"}],"about":[{"href":"https:\/\/www.bgamstetten.ac.at\/index.php\/wp-json\/wp\/v2\/types\/post"}],"author":[{"embeddable":true,"href":"https:\/\/www.bgamstetten.ac.at\/index.php\/wp-json\/wp\/v2\/users\/13"}],"replies":[{"embeddable":true,"href":"https:\/\/www.bgamstetten.ac.at\/index.php\/wp-json\/wp\/v2\/comments?post=54512"}],"version-history":[{"count":4,"href":"https:\/\/www.bgamstetten.ac.at\/index.php\/wp-json\/wp\/v2\/posts\/54512\/revisions"}],"predecessor-version":[{"id":54529,"href":"https:\/\/www.bgamstetten.ac.at\/index.php\/wp-json\/wp\/v2\/posts\/54512\/revisions\/54529"}],"wp:featuredmedia":[{"embeddable":true,"href":"https:\/\/www.bgamstetten.ac.at\/index.php\/wp-json\/wp\/v2\/media\/54524"}],"wp:attachment":[{"href":"https:\/\/www.bgamstetten.ac.at\/index.php\/wp-json\/wp\/v2\/media?parent=54512"}],"wp:term":[{"taxonomy":"category","embeddable":true,"href":"https:\/\/www.bgamstetten.ac.at\/index.php\/wp-json\/wp\/v2\/categories?post=54512"},{"taxonomy":"post_tag","embeddable":true,"href":"https:\/\/www.bgamstetten.ac.at\/index.php\/wp-json\/wp\/v2\/tags?post=54512"}],"curies":[{"name":"wp","href":"https:\/\/api.w.org\/{rel}","templated":true}]}}