{"id":54461,"date":"2023-11-23T22:54:16","date_gmt":"2023-11-23T21:54:16","guid":{"rendered":"https:\/\/www.bgamstetten.ac.at\/?p=54461"},"modified":"2024-01-12T09:35:56","modified_gmt":"2024-01-12T08:35:56","slug":"cita-a-ciegas-rendez-vous-a-laveugle","status":"publish","type":"post","link":"https:\/\/www.bgamstetten.ac.at\/index.php\/2023\/11\/23\/cita-a-ciegas-rendez-vous-a-laveugle\/","title":{"rendered":"Cita a ciegas + Rendez-vous \u00e0 l\u2019aveugle"},"content":{"rendered":"<style type=\"text\/css\"><\/style>\n<p>Interesse an der Lekt\u00fcre einmal anders wecken \u2013 das war das Motto der Cita a ciegas und des Rendez-vous \u00e0 l\u2019aveugle. Das Blind-Date mit spanischen und franz\u00f6sischen B\u00fcchern bestand darin, dass Sch\u00fclerInnen f\u00fcr andere Sch\u00fclerInnen im September spanische und franz\u00f6sische B\u00fccher beschlagworteten, die dann von der Bibliothekarin Mag. Jackson-Squire verpackt und in die Vitrine gestellt wurden. Durch diese attraktive Gestaltung und aufgrund der Palabras claves\/Mots-cl\u00e9s suchten sich die Sch\u00fclerInnen vor den Herbstferien ihre Lekt\u00fcre aus, die sie dann auf Spanisch oder Franz\u00f6sisch mit einer laut gelesenen Leseprobe im Beisein der Fremdsprachenassistentinnen Mar\u00eda Delgado Morales und Camille Gilet vorstellen. Beide Assistentinnen pr\u00e4sentierten ebenfalls ein Buch in ihrer Muttersprache mit einer Leseprobe, was f\u00fcr die Sch\u00fclerInnen sehr inspirierend war!<\/p>\n\n\n\n<p class=\"has-text-align-right\"><em>Dr. Elisabeth Hofer<\/em><\/p>\n\n\n<div class=\"sgdg-gallery-container\" data-sgdg-hash=\"52a3d1375abf8312063bd2b3cf500b4577e1659e9c8a963b6db1601e86347241\"><div class=\"sgdg-loading\"><div><\/div><\/div><\/div>","protected":false},"excerpt":{"rendered":"<p>Interesse an der Lekt\u00fcre einmal anders wecken \u2013 das war das Motto der Cita a ciegas und des Rendez-vous \u00e0 l\u2019aveugle. Das Blind-Date mit spanischen und franz\u00f6sischen B\u00fcchern bestand darin, dass Sch\u00fclerInnen f\u00fcr andere Sch\u00fclerInnen im September spanische und franz\u00f6sische B\u00fccher beschlagworteten, die dann von der Bibliothekarin Mag. Jackson-Squire verpackt und in die Vitrine gestellt&#8230;<\/p>\n","protected":false},"author":13,"featured_media":54466,"comment_status":"closed","ping_status":"closed","sticky":false,"template":"","format":"standard","meta":{"footnotes":""},"categories":[114,13,8],"tags":[22],"class_list":["post-54461","post","type-post","status-publish","format-standard","has-post-thumbnail","hentry","category-114","category-aktuelles","category-sprachen","tag-sprachen"],"_links":{"self":[{"href":"https:\/\/www.bgamstetten.ac.at\/index.php\/wp-json\/wp\/v2\/posts\/54461","targetHints":{"allow":["GET"]}}],"collection":[{"href":"https:\/\/www.bgamstetten.ac.at\/index.php\/wp-json\/wp\/v2\/posts"}],"about":[{"href":"https:\/\/www.bgamstetten.ac.at\/index.php\/wp-json\/wp\/v2\/types\/post"}],"author":[{"embeddable":true,"href":"https:\/\/www.bgamstetten.ac.at\/index.php\/wp-json\/wp\/v2\/users\/13"}],"replies":[{"embeddable":true,"href":"https:\/\/www.bgamstetten.ac.at\/index.php\/wp-json\/wp\/v2\/comments?post=54461"}],"version-history":[{"count":1,"href":"https:\/\/www.bgamstetten.ac.at\/index.php\/wp-json\/wp\/v2\/posts\/54461\/revisions"}],"predecessor-version":[{"id":54463,"href":"https:\/\/www.bgamstetten.ac.at\/index.php\/wp-json\/wp\/v2\/posts\/54461\/revisions\/54463"}],"wp:featuredmedia":[{"embeddable":true,"href":"https:\/\/www.bgamstetten.ac.at\/index.php\/wp-json\/wp\/v2\/media\/54466"}],"wp:attachment":[{"href":"https:\/\/www.bgamstetten.ac.at\/index.php\/wp-json\/wp\/v2\/media?parent=54461"}],"wp:term":[{"taxonomy":"category","embeddable":true,"href":"https:\/\/www.bgamstetten.ac.at\/index.php\/wp-json\/wp\/v2\/categories?post=54461"},{"taxonomy":"post_tag","embeddable":true,"href":"https:\/\/www.bgamstetten.ac.at\/index.php\/wp-json\/wp\/v2\/tags?post=54461"}],"curies":[{"name":"wp","href":"https:\/\/api.w.org\/{rel}","templated":true}]}}