{"id":54320,"date":"2023-10-18T14:36:00","date_gmt":"2023-10-18T12:36:00","guid":{"rendered":"https:\/\/www.bgamstetten.ac.at\/?p=54320"},"modified":"2023-11-01T14:38:30","modified_gmt":"2023-11-01T13:38:30","slug":"oesterreich-liest-woche-lesung-der-jugendbuchautorin-teresa-sporrer","status":"publish","type":"post","link":"https:\/\/www.bgamstetten.ac.at\/index.php\/2023\/10\/18\/oesterreich-liest-woche-lesung-der-jugendbuchautorin-teresa-sporrer\/","title":{"rendered":"\u201e\u00d6sterreich-liest-Woche\u201c: Lesung der Jugendbuchautorin Teresa Sporrer"},"content":{"rendered":"<style type=\"text\/css\"><\/style>\n<p>Im Rahmen der \u201e<strong>\u00d6sterreich-liest-Woche<\/strong>\u201c folgten am <strong>18. Oktober 2023<\/strong> drei dritte Klassen der Einladung der Stadtb\u00fccherei Amstetten und nahmen an einer <strong>Lesung im Jugendzentrum A-Toll<\/strong> mit der <strong>\u00f6ber\u00f6sterreichischen Jugenbuchautorin Teresa Sporrer<\/strong> teil. Neben dem Werdegang der jungen Schriftstellerin erhielten die Sch\u00fclerinnen und Sch\u00fcler auch Einblicke in das Entstehen eines Buches und erfuhren, wie sich der Preis einer gekauften Lekt\u00fcre zusammensetzt.\u00a0<\/p>\n\n\n\n<p>Dank der zahlreichen Leseproben aus Teresa Sporrers aktuellen Werken, wie beispielsweise \u201e<strong>The Queen of the Wicked: Die giftige K\u00f6nigin<\/strong>\u201c, wurde bei den Jugendlichen noch mehr Neugier geweckt, weshalb auch einige ihrer Werke erworben wurden. Die druckfrischen B\u00fccher aus der Buchhandlung St\u00f6ckl wurden als Draufgabe noch von der Autorin pers\u00f6nlich mit einer Widmung und einer Signatur versehen.<\/p>\n\n\n\n<p>Wir w\u00fcnschen viel Freude beim Lesen der Lekt\u00fcren w\u00e4hrend der Herbstferien!<\/p>\n\n\n\n<p class=\"has-text-align-right\"><em>Mag. Mag. Melanie Reisinger, BA<\/em><\/p>\n\n\n<div class=\"sgdg-gallery-container\" data-sgdg-hash=\"59e9b91a494c2d5f075ed1210aad273e1b9789a43c9c2ec2375570c4a89a4b9b\"><div class=\"sgdg-loading\"><div><\/div><\/div><\/div>","protected":false},"excerpt":{"rendered":"<p>Im Rahmen der \u201e\u00d6sterreich-liest-Woche\u201c folgten am 18. Oktober 2023 drei dritte Klassen der Einladung der Stadtb\u00fccherei Amstetten und nahmen an einer Lesung im Jugendzentrum A-Toll mit der \u00f6ber\u00f6sterreichischen Jugenbuchautorin Teresa Sporrer teil. Neben dem Werdegang der jungen Schriftstellerin erhielten die Sch\u00fclerinnen und Sch\u00fcler auch Einblicke in das Entstehen eines Buches und erfuhren, wie sich der&#8230;<\/p>\n","protected":false},"author":14,"featured_media":54323,"comment_status":"closed","ping_status":"closed","sticky":false,"template":"","format":"standard","meta":{"footnotes":""},"categories":[114,13,8],"tags":[],"class_list":["post-54320","post","type-post","status-publish","format-standard","has-post-thumbnail","hentry","category-114","category-aktuelles","category-sprachen"],"_links":{"self":[{"href":"https:\/\/www.bgamstetten.ac.at\/index.php\/wp-json\/wp\/v2\/posts\/54320","targetHints":{"allow":["GET"]}}],"collection":[{"href":"https:\/\/www.bgamstetten.ac.at\/index.php\/wp-json\/wp\/v2\/posts"}],"about":[{"href":"https:\/\/www.bgamstetten.ac.at\/index.php\/wp-json\/wp\/v2\/types\/post"}],"author":[{"embeddable":true,"href":"https:\/\/www.bgamstetten.ac.at\/index.php\/wp-json\/wp\/v2\/users\/14"}],"replies":[{"embeddable":true,"href":"https:\/\/www.bgamstetten.ac.at\/index.php\/wp-json\/wp\/v2\/comments?post=54320"}],"version-history":[{"count":2,"href":"https:\/\/www.bgamstetten.ac.at\/index.php\/wp-json\/wp\/v2\/posts\/54320\/revisions"}],"predecessor-version":[{"id":54324,"href":"https:\/\/www.bgamstetten.ac.at\/index.php\/wp-json\/wp\/v2\/posts\/54320\/revisions\/54324"}],"wp:featuredmedia":[{"embeddable":true,"href":"https:\/\/www.bgamstetten.ac.at\/index.php\/wp-json\/wp\/v2\/media\/54323"}],"wp:attachment":[{"href":"https:\/\/www.bgamstetten.ac.at\/index.php\/wp-json\/wp\/v2\/media?parent=54320"}],"wp:term":[{"taxonomy":"category","embeddable":true,"href":"https:\/\/www.bgamstetten.ac.at\/index.php\/wp-json\/wp\/v2\/categories?post=54320"},{"taxonomy":"post_tag","embeddable":true,"href":"https:\/\/www.bgamstetten.ac.at\/index.php\/wp-json\/wp\/v2\/tags?post=54320"}],"curies":[{"name":"wp","href":"https:\/\/api.w.org\/{rel}","templated":true}]}}