{"id":49445,"date":"2022-06-22T08:24:51","date_gmt":"2022-06-22T06:24:51","guid":{"rendered":"http:\/\/gymnasium-amstetten.at\/?p=49445"},"modified":"2022-07-18T11:41:19","modified_gmt":"2022-07-18T09:41:19","slug":"it-projekttage-2022","status":"publish","type":"post","link":"https:\/\/www.bgamstetten.ac.at\/index.php\/2022\/06\/22\/it-projekttage-2022\/","title":{"rendered":"IT-Projekttage 2022 \u2013 Ein Einblick in die Praxis"},"content":{"rendered":"<style type=\"text\/css\"><\/style><p>Bei den IT-Projekttagen von 22.06. bis 24.06.2022 wollten wir den Sch\u00fclerInnen des IT-Zweiges in der Oberstufe einen Einblick in die Arbeitswelt erm\u00f6glichen. Daf\u00fcr standen insgesamt drei Exkursionen und zwei Workshops am Programm.<\/p>\n<p>Am ersten Tag durften wir das Unternehmen cloudflight in Person von Michael Stummer und Klaus Lehner in unserer Schule begr\u00fc\u00dfen. Klaus Lehner, selbst Absolvent des IT-Zweiges unserer Schule, stellte sich und das Unternehmen mit ihren Aufgabengebieten kurz vor. Nach einer kurzen Pause \u00fcbernahm Michael Stummer als Vortragender und erkl\u00e4rte unseren Sch\u00fclerInnen die Notwendigkeit einer Versionskontrolle bei der professionellen Softwareentwicklung in Form von GIT. Nach einer knackigen Theorieeinheit, begann auch schon der Hands-on Workshop f\u00fcr die Sch\u00fclerInnen, bei dem zuerst mehrere \u201eBranches\u201c angelegt und anschlie\u00dfend wieder ein \u201eMerge\u201c in den Master Branch durchgef\u00fchrt wurde.<\/p>\n<p>Am Nachmittag stand dann die erste Exkursion zur Umdasch Group am Programm. Dort erwartete uns eine Pr\u00e4sentation \u00fcber die neuesten Einsatzgebiete der IT in der Schalungsplanung mithilfe von BIM (Building Information Modeling). Es folgte ein vom Unternehmen gesponsertes Mittagessen und zwei Pr\u00e4sentationen, durchgef\u00fchrt von der IT-Abteilung und den Store Makers. Besonders die Zahlen und Fakten, wie zum Beispiel die Unmengen an Daten im neuen Rechencenter beeindruckten immer wieder sowohl die Lehrpersonen als auch die Sch\u00fclerInnen.<br \/>\nAm zweiten Tag kam Fabian Hebenstreit vom Unternehmen helloCash zu uns. Er ist in der Softwareentwicklung t\u00e4tig und zeigte uns Flutter, das neue Open-Source-UI-Entwicklungs-Kit f\u00fcr Apps von Google. Besonders die Plattformunabh\u00e4ngigkeit, die vorgefertigten Widgets und die userfreundliche Programmiersprache Dart begeisterte unsere Sch\u00fclerInnen. So war es uns m\u00f6glich, innerhalb weniger Stunden eine voll funktionsf\u00e4hige Handy-App f\u00fcr die Betriebssysteme iOS und Android zu entwickeln.<\/p>\n<p>Zum Abschluss der heurigen IT-Projekttage verbrachten wir einen Tag in Linz. Nach einem gemeinsamen Fr\u00fchst\u00fcck in der Innenstadt, ging es zum ARS Electronica Center, wo neue Technologien, wie z.B. die k\u00fcnstliche Intelligenz in diversen Einsatzgebieten bewundert werden konnte. Nach einer individuell gestalteten Mittagspause trafen wir uns beim Masters of Escape. Aufgeteilt in drei Teams, absolvierte jedes Team einen anderen Escape Room. Vom Ausbruch eines Gef\u00e4ngnisses (Prison Break) \u00fcber die Kl\u00e4rung eines Mordes (Case 187) bis hin zu einer eingest\u00fcrzten H\u00f6hle in einem Gebirge in China (Wudang Shan) war alles dabei. Schlussendlich l\u00f6sten aber alle Teams die durchaus kniffligen R\u00e4tsel und waren nach ca. 60 Minuten wieder in der Freiheit.<\/p>\n<p>R\u00fcckblickend waren auch heuer die IT-Projekttage wieder ein voller Erfolg. Sie sind mittlerweile einfach ein wichtiger Baustein unserer IT-Ausbildung im BG\/BRG Amstetten. Daher m\u00f6chten wir an dieser Stelle nochmals ein DANKE an alle Beteiligten ausrichten, die diese Tage erm\u00f6glicht haben!<\/p>\n<p style=\"text-align: right;\">Mag. Andreas Lahmer<\/p>\n<p>&nbsp;<\/p>\n<div class=\"sgdg-gallery-container\" data-sgdg-hash=\"3b696119504c67c203ed4e7df858880de5e2c6608df7c61dc9d579d0cb8d1f03\"><div class=\"sgdg-loading\"><div><\/div><\/div><\/div>\n","protected":false},"excerpt":{"rendered":"<p>Bei den IT-Projekttagen von 22.06. bis 24.06.2022 wollten wir den Sch\u00fclerInnen des IT-Zweiges in der Oberstufe einen Einblick in die Arbeitswelt erm\u00f6glichen. Daf\u00fcr standen insgesamt drei Exkursionen und zwei Workshops am Programm. Am ersten Tag durften wir das Unternehmen cloudflight in Person von Michael Stummer und Klaus Lehner in unserer Schule begr\u00fc\u00dfen. Klaus Lehner, selbst&#8230;<\/p>\n","protected":false},"author":1,"featured_media":49884,"comment_status":"closed","ping_status":"closed","sticky":false,"template":"","format":"standard","meta":{"footnotes":""},"categories":[19,3,10,17],"tags":[],"class_list":["post-49445","post","type-post","status-publish","format-standard","has-post-thumbnail","hentry","category-19","category-allgemein","category-elearning-im-schulalltag","category-nawi"],"_links":{"self":[{"href":"https:\/\/www.bgamstetten.ac.at\/index.php\/wp-json\/wp\/v2\/posts\/49445","targetHints":{"allow":["GET"]}}],"collection":[{"href":"https:\/\/www.bgamstetten.ac.at\/index.php\/wp-json\/wp\/v2\/posts"}],"about":[{"href":"https:\/\/www.bgamstetten.ac.at\/index.php\/wp-json\/wp\/v2\/types\/post"}],"author":[{"embeddable":true,"href":"https:\/\/www.bgamstetten.ac.at\/index.php\/wp-json\/wp\/v2\/users\/1"}],"replies":[{"embeddable":true,"href":"https:\/\/www.bgamstetten.ac.at\/index.php\/wp-json\/wp\/v2\/comments?post=49445"}],"version-history":[{"count":1,"href":"https:\/\/www.bgamstetten.ac.at\/index.php\/wp-json\/wp\/v2\/posts\/49445\/revisions"}],"predecessor-version":[{"id":49885,"href":"https:\/\/www.bgamstetten.ac.at\/index.php\/wp-json\/wp\/v2\/posts\/49445\/revisions\/49885"}],"wp:featuredmedia":[{"embeddable":true,"href":"https:\/\/www.bgamstetten.ac.at\/index.php\/wp-json\/wp\/v2\/media\/49884"}],"wp:attachment":[{"href":"https:\/\/www.bgamstetten.ac.at\/index.php\/wp-json\/wp\/v2\/media?parent=49445"}],"wp:term":[{"taxonomy":"category","embeddable":true,"href":"https:\/\/www.bgamstetten.ac.at\/index.php\/wp-json\/wp\/v2\/categories?post=49445"},{"taxonomy":"post_tag","embeddable":true,"href":"https:\/\/www.bgamstetten.ac.at\/index.php\/wp-json\/wp\/v2\/tags?post=49445"}],"curies":[{"name":"wp","href":"https:\/\/api.w.org\/{rel}","templated":true}]}}