{"id":46480,"date":"2021-08-24T14:33:44","date_gmt":"2021-08-24T12:33:44","guid":{"rendered":"http:\/\/gymnasium-amstetten.at\/?p=46480"},"modified":"2021-08-24T14:33:44","modified_gmt":"2021-08-24T12:33:44","slug":"fortbildung-in-den-ferien-bien-sur-avec-plaisir","status":"publish","type":"post","link":"https:\/\/www.bgamstetten.ac.at\/index.php\/2021\/08\/24\/fortbildung-in-den-ferien-bien-sur-avec-plaisir\/","title":{"rendered":"Fortbildung in den Ferien?! \u2013 Bien s\u00fbr! Avec plaisir!!!"},"content":{"rendered":"<style type=\"text\/css\"><\/style><p>Francophonias fantastische Ferien-Fortbildung f\u00fcr fanatische Franz\u00f6sischlehrerInnen \u2026 fabelhaft!!<!--more--><\/p>\n<p>Im Zuge diverser ERASMUS+-F\u00f6rderprogramme trafen sich Franz\u00f6sischlehrerInnen aus ganz Europa f\u00fcr ein oder zwei Wochen an der C\u00f4te d\u00b4Azur, um dort in zwei Kursen pro Tag und diversen zus\u00e4tzlichen Workshops und Konferenzen ihre fachlichen Kompetenzen auszubauen, gleichzeitig aber auch im Rahmen gemeinsamer Ausfl\u00fcge, die Gegend um Nizza zu erkunden, sich untereinander auszutauschen, Freundschaften zu schlie\u00dfen und Ideen f\u00fcr l\u00e4nder\u00fcbergreifende Zusammenarbeit weiterzuentwickeln.<\/p>\n<p>Ich durfte vom 1. bis 15. August nun bereits das dritte Jahr hintereinander an diesen Fortbildungswochen teilnehmen und war wieder \u00e4u\u00dferst begeistert. Die Kombination aus entspanntem Urlaubsfeeling in Nizza, bereicherndem Austausch unter Kolleginnen und Kollegen sowie intensiven Fortbildungsstunden war wie bereits gewohnt wieder ein voller Erfolg. Die Inhalte der Workshops waren gro\u00dfteils sehr praxisnah, so wurden in der ersten Woche in einem Kurs Ideen zur verst\u00e4rkten Einbettung von Umweltthemen in den Unterricht besprochen, w\u00e4hrend es im anderen Kurs um Didaktisierung von audiovisuellen Dokumenten ging. In der zweiten Woche lag der Fokus auf der m\u00fcndlichen Sprachproduktion im Unterricht sowie auf dem Schaffen eines lernf\u00f6rderlichen Umfelds sowie dem Umgang mit positiven und negativen Emotionen.<\/p>\n<p>Negative Emotionen waren bei den samst\u00e4glichen Anti-pass-sanitaire-, Anti-vaccin-, Anti-Covid19-Demonstrationen nicht zu \u00fcbersehen bzw. zu \u00fcberh\u00f6ren.<\/p>\n<p>Umso positiver daf\u00fcr waren unsere Exkursionen bzw. Rennradausfahrten nach Menton, St. Jean \u2013 Cap Ferr\u00e2t, Eze, Biot, Valbonne, Th\u00e9oule-sur-Mer,\u2026 entspannten Morgenl\u00e4ufe auf der promenade des Anglais, das Schwimmen im Meer, Kaffeetrinken und Zeitunglesen, gut Essengehen, Shoppen, halbe N\u00e4chte am Strand durchtratschen, uvm. All das lie\u00df mich schnell beinah heimisch werden und machte mir den Abschied doch etwas schwer.<\/p>\n<p>Alles in Allem zwei gelungene und sehr freudvolle Wochen, die mich entspannt in die (schulische) Zukunft blicken lassen. Vive le fran\u00e7ais!<\/p>\n<p style=\"text-align: right;\">Mag. Klaus Vogl<\/p>\n<div class=\"cmsms_gallery\">\n<ul>\n<li class=\"one_fourth\">\n<figure><a href=\"\" rel=\"ilightbox[69f3e4dc52fec]\"><\/a><\/figure><\/li>\n<li class=\"one_fourth\">\n<figure><a href=\"\" rel=\"ilightbox[69f3e4dc52fec]\"><\/a><\/figure><\/li>\n<li class=\"one_fourth\">\n<figure><a href=\"\" rel=\"ilightbox[69f3e4dc52fec]\"><\/a><\/figure><\/li>\n<li class=\"one_fourth\">\n<figure><a href=\"\" rel=\"ilightbox[69f3e4dc52fec]\"><\/a><\/figure><\/li>\n<li class=\"one_fourth\">\n<figure><a href=\"\" rel=\"ilightbox[69f3e4dc52fec]\"><\/a><\/figure><\/li>\n<li class=\"one_fourth\">\n<figure><a href=\"\" rel=\"ilightbox[69f3e4dc52fec]\"><\/a><\/figure><\/li>\n<li class=\"one_fourth\">\n<figure><a href=\"\" rel=\"ilightbox[69f3e4dc52fec]\"><\/a><\/figure><\/li>\n<li class=\"one_fourth\">\n<figure><a href=\"\" rel=\"ilightbox[69f3e4dc52fec]\"><\/a><\/figure><\/li>\n<li class=\"one_fourth\">\n<figure><a href=\"\" rel=\"ilightbox[69f3e4dc52fec]\"><\/a><\/figure><\/li>\n<li class=\"one_fourth\">\n<figure><a href=\"\" rel=\"ilightbox[69f3e4dc52fec]\"><\/a><\/figure><\/li>\n<li class=\"one_fourth\">\n<figure><a href=\"\" rel=\"ilightbox[69f3e4dc52fec]\"><\/a><\/figure><\/li>\n<li class=\"one_fourth\">\n<figure><a href=\"\" rel=\"ilightbox[69f3e4dc52fec]\"><\/a><\/figure><\/li>\n<li class=\"one_fourth\">\n<figure><a href=\"\" rel=\"ilightbox[69f3e4dc52fec]\"><\/a><\/figure><\/li>\n<li class=\"one_fourth\">\n<figure><a href=\"\" rel=\"ilightbox[69f3e4dc52fec]\"><\/a><\/figure><\/li>\n<li class=\"one_fourth\">\n<figure><a href=\"\" rel=\"ilightbox[69f3e4dc52fec]\"><\/a><\/figure><\/li>\n<li class=\"one_fourth\">\n<figure><a href=\"\" rel=\"ilightbox[69f3e4dc52fec]\"><\/a><\/figure><\/li>\n<li class=\"one_fourth\">\n<figure><a href=\"\" rel=\"ilightbox[69f3e4dc52fec]\"><\/a><\/figure><\/li>\n<li class=\"one_fourth\">\n<figure><a href=\"\" rel=\"ilightbox[69f3e4dc52fec]\"><\/a><\/figure><\/li>\n<li class=\"one_fourth\">\n<figure><a href=\"\" rel=\"ilightbox[69f3e4dc52fec]\"><\/a><\/figure><\/li>\n<li class=\"one_fourth\">\n<figure><a href=\"\" rel=\"ilightbox[69f3e4dc52fec]\"><\/a><\/figure><\/li>\n<li class=\"one_fourth\">\n<figure><a href=\"\" rel=\"ilightbox[69f3e4dc52fec]\"><\/a><\/figure><\/li>\n<li class=\"one_fourth\">\n<figure><a href=\"\" rel=\"ilightbox[69f3e4dc52fec]\"><\/a><\/figure><\/li>\n<li class=\"one_fourth\">\n<figure><a href=\"\" rel=\"ilightbox[69f3e4dc52fec]\"><\/a><\/figure><\/li>\n<li class=\"one_fourth\">\n<figure><a href=\"\" rel=\"ilightbox[69f3e4dc52fec]\"><\/a><\/figure><\/li>\n<\/ul>\n<\/div>\n\n","protected":false},"excerpt":{"rendered":"<p>Francophonias fantastische Ferien-Fortbildung f\u00fcr fanatische Franz\u00f6sischlehrerInnen \u2026 fabelhaft!!<\/p>\n","protected":false},"author":1,"featured_media":46484,"comment_status":"closed","ping_status":"closed","sticky":false,"template":"","format":"standard","meta":{"footnotes":""},"categories":[18,13,8],"tags":[],"class_list":["post-46480","post","type-post","status-publish","format-standard","has-post-thumbnail","hentry","category-18","category-aktuelles","category-sprachen"],"_links":{"self":[{"href":"https:\/\/www.bgamstetten.ac.at\/index.php\/wp-json\/wp\/v2\/posts\/46480","targetHints":{"allow":["GET"]}}],"collection":[{"href":"https:\/\/www.bgamstetten.ac.at\/index.php\/wp-json\/wp\/v2\/posts"}],"about":[{"href":"https:\/\/www.bgamstetten.ac.at\/index.php\/wp-json\/wp\/v2\/types\/post"}],"author":[{"embeddable":true,"href":"https:\/\/www.bgamstetten.ac.at\/index.php\/wp-json\/wp\/v2\/users\/1"}],"replies":[{"embeddable":true,"href":"https:\/\/www.bgamstetten.ac.at\/index.php\/wp-json\/wp\/v2\/comments?post=46480"}],"version-history":[{"count":0,"href":"https:\/\/www.bgamstetten.ac.at\/index.php\/wp-json\/wp\/v2\/posts\/46480\/revisions"}],"wp:featuredmedia":[{"embeddable":true,"href":"https:\/\/www.bgamstetten.ac.at\/index.php\/wp-json\/"}],"wp:attachment":[{"href":"https:\/\/www.bgamstetten.ac.at\/index.php\/wp-json\/wp\/v2\/media?parent=46480"}],"wp:term":[{"taxonomy":"category","embeddable":true,"href":"https:\/\/www.bgamstetten.ac.at\/index.php\/wp-json\/wp\/v2\/categories?post=46480"},{"taxonomy":"post_tag","embeddable":true,"href":"https:\/\/www.bgamstetten.ac.at\/index.php\/wp-json\/wp\/v2\/tags?post=46480"}],"curies":[{"name":"wp","href":"https:\/\/api.w.org\/{rel}","templated":true}]}}