{"id":46431,"date":"2021-07-11T17:24:58","date_gmt":"2021-07-11T15:24:58","guid":{"rendered":"http:\/\/gymnasium-amstetten.at\/?p=46431"},"modified":"2021-07-11T17:24:58","modified_gmt":"2021-07-11T15:24:58","slug":"news-vom-ecdl-european-computer-driving-licence","status":"publish","type":"post","link":"https:\/\/www.bgamstetten.ac.at\/index.php\/2021\/07\/11\/news-vom-ecdl-european-computer-driving-licence\/","title":{"rendered":"NEWS vom ECDL (European Computer Driving Licence)"},"content":{"rendered":"<style type=\"text\/css\"><\/style><p>Nach einer coronabedingten Pause konnten wir im heurigen Schuljahr <strong>drei<\/strong> ECDL-Pr\u00fcfungstermine durchf\u00fchren.<br \/>\nAlle waren speziell!<!--more--><br \/>\nBeim ersten Termin (15. April 2021) \u00fcbernahmen Frau Prof. Carina Kammleithner und Herr Prof. Horst Lackinger die Aufsicht in der Schule, weil ich kurzfristig aufgrund eines Corona-Falles nicht anwesend sein durfte. Nochmals einen gro\u00dfen Dank an Carina und Horst!<\/p>\n<p>Die beiden weiteren Termine (11. Mai und 17. Juni 2021) waren Pr\u00fcfungen, die zuhause durchgef\u00fchrt wurden. Diese ECDL-Online-Pr\u00fcfungen@HOME waren zwar eine Herausforderung f\u00fcr alle Beteiligten, aber wir k\u00f6nnen auf sehr gute Ergebnisse zur\u00fcckblicken.<\/p>\n<p>Im vergangenen Schuljahr legten bei diesen drei Terminen 75 Kandidatinnen und Kandidaten insgesamt <strong>120 Module<\/strong> ab, wobei <strong>106 Module BESTANDEN<\/strong> wurden. Bei den Pr\u00fcfungen m\u00fcssen die Sch\u00fclerinnen und Sch\u00fcler 75 % der Pr\u00fcfungsfragen richtig beantworten, um ein positives Ergebnis zu erreichen.<br \/>\nIch gratuliere allen nochmals recht herzlich!<\/p>\n<p>Besonders gefreut haben mich die Abschl\u00fcsse des kompletten ECDL-F\u00fchrerscheins (7 Module) durch<\/p>\n<p>Victoria Wallner (4b),<br \/>\nJakob Kusolitsch (4b),<br \/>\nAlexander Zipfinger (4c)<br \/>\nund Leon Lampesberger (4d).<\/p>\n<p>Simon Edinger (4b) wird sich den \u201ekleinen\u201c ECDL-F\u00fchrerschein (Profile \u2013 4 Module) ausstellen lassen.<\/p>\n<p>Ich m\u00f6chte alle neuen &#8222;F\u00fchrerscheinbesitzerinnen und -besitzer&#8220; begl\u00fcckw\u00fcnschen und sie weiter best\u00e4rken solche zus\u00e4tzlichen Qualifikationen, die in Schulen angeboten werden, abzulegen.<\/p>\n<p>Unsere Schule bietet seit vier Jahren den <strong>ECDL (Europ\u00e4ischer Computerf\u00fchrerschein)<\/strong> an und ist Testcenter, d. h. unsere Sch\u00fclerinnen und Sch\u00fcler k\u00f6nnen in der Schule dieses Zertifikat erwerben. Mehr Infos siehe <a href=\"https:\/\/www.ecdl.at\/\" target=\"_blank\" rel=\"noopener\">https:\/\/www.ecdl.at\/<\/a> \u00a0oder <a href=\"https:\/\/edu.ecdl.at\/\" target=\"_blank\" rel=\"noopener\">https:\/\/edu.ecdl.at\/<\/a><\/p>\n<p>Ihre Kinder erlernen in der <strong>Unverbindlichen \u00dcbung Informatik INFO (1., 2., 3.\u00a0 und 4.\u00a0Klasse) <\/strong>die notwendigen Grundlagen f\u00fcr die Ablegung der Pr\u00fcfungen f\u00fcr den <strong>ECDL Profile (4 Module) oder Standard (7 Module)<\/strong>. (\u00dcbersicht siehe unten).<\/p>\n<p>Die Kosten f\u00fcr die Skills Card (= Pr\u00fcfungspass) betragen einmalig 37,00\u00a0\u20ac und f\u00fcr jede Modul-Pr\u00fcfung je 15,00 \u20ac (Stand 11. Juli 2021).<\/p>\n<p>Ihr Kind kann grunds\u00e4tzlich <strong>nach Erreichen des 12. Lebensjahr Pr\u00fcfungen<\/strong> <strong>ablegen.<\/strong> Die Sch\u00fclerinnen und Sch\u00fcler werden in der Unverbindlichen \u00dcbung INFO auf eine m\u00f6gliche Pr\u00fcfung vorbereitet und es werden auch sogenannte Diagnosetests (Probetest) durchgef\u00fchrt. Bei den Pr\u00fcfungen (Modulen) m\u00fcssen jeweils 27 von 36 Fragen richtig beantwortet werden, damit das Ergebnis positiv ist.<\/p>\n<p>In den letzten vier Jahren wurden an unserer Schule <strong>310 Pr\u00fcfungen<\/strong> durchgef\u00fchrt, davon <strong>274 positiv<\/strong> abgeschlossen.<\/p>\n<p>Bei Fragen k\u00f6nnen Sie mich gerne \u00fcber meine Mail-Adresse (<a href=\"mailto:christa.hoeglinger@am-gym.at\">christa.hoeglinger@am-gym.at<\/a>) kontaktieren oder mich in meinen Sprechstunden (bitte auf der Homepage die aktualisierte Sprechstundenliste aufrufen) besuchen. Danke.<\/p>\n<p>Mag. Christa H\u00f6glinger<\/p>\n<p>&nbsp;<\/p>\n<p>&nbsp;<\/p>\n<p>&nbsp;<\/p>\n\n<p>&nbsp;<\/p>\n","protected":false},"excerpt":{"rendered":"<p>Nach einer coronabedingten Pause konnten wir im heurigen Schuljahr drei ECDL-Pr\u00fcfungstermine durchf\u00fchren. Alle waren speziell!<\/p>\n","protected":false},"author":1,"featured_media":46443,"comment_status":"closed","ping_status":"closed","sticky":false,"template":"","format":"gallery","meta":{"footnotes":""},"categories":[18,13,10],"tags":[],"class_list":["post-46431","post","type-post","status-publish","format-gallery","has-post-thumbnail","hentry","category-18","category-aktuelles","category-elearning-im-schulalltag","post_format-post-format-gallery"],"_links":{"self":[{"href":"https:\/\/www.bgamstetten.ac.at\/index.php\/wp-json\/wp\/v2\/posts\/46431","targetHints":{"allow":["GET"]}}],"collection":[{"href":"https:\/\/www.bgamstetten.ac.at\/index.php\/wp-json\/wp\/v2\/posts"}],"about":[{"href":"https:\/\/www.bgamstetten.ac.at\/index.php\/wp-json\/wp\/v2\/types\/post"}],"author":[{"embeddable":true,"href":"https:\/\/www.bgamstetten.ac.at\/index.php\/wp-json\/wp\/v2\/users\/1"}],"replies":[{"embeddable":true,"href":"https:\/\/www.bgamstetten.ac.at\/index.php\/wp-json\/wp\/v2\/comments?post=46431"}],"version-history":[{"count":0,"href":"https:\/\/www.bgamstetten.ac.at\/index.php\/wp-json\/wp\/v2\/posts\/46431\/revisions"}],"wp:featuredmedia":[{"embeddable":true,"href":"https:\/\/www.bgamstetten.ac.at\/index.php\/wp-json\/"}],"wp:attachment":[{"href":"https:\/\/www.bgamstetten.ac.at\/index.php\/wp-json\/wp\/v2\/media?parent=46431"}],"wp:term":[{"taxonomy":"category","embeddable":true,"href":"https:\/\/www.bgamstetten.ac.at\/index.php\/wp-json\/wp\/v2\/categories?post=46431"},{"taxonomy":"post_tag","embeddable":true,"href":"https:\/\/www.bgamstetten.ac.at\/index.php\/wp-json\/wp\/v2\/tags?post=46431"}],"curies":[{"name":"wp","href":"https:\/\/api.w.org\/{rel}","templated":true}]}}