{"id":46004,"date":"2021-06-10T18:33:54","date_gmt":"2021-06-10T16:33:54","guid":{"rendered":"http:\/\/gymnasium-amstetten.at\/?p=46004"},"modified":"2021-06-10T18:33:54","modified_gmt":"2021-06-10T16:33:54","slug":"redewettbewerb-5","status":"publish","type":"post","link":"https:\/\/www.bgamstetten.ac.at\/index.php\/2021\/06\/10\/redewettbewerb-5\/","title":{"rendered":"Redewettbewerb"},"content":{"rendered":"<style type=\"text\/css\"><\/style><p>Nach langer coronabedingter Pause konnte am 7. Juni wieder eine Schulveranstaltung im gr\u00f6\u00dferen Rahmen durchgef\u00fchrt werden. Das sch\u00f6ne Wetter machte es m\u00f6glich, den diesj\u00e4hrigen Redewettbwerb im Schulhof von einem gr\u00f6\u00dferen Publikum stattfinden zu lassen.<!--more--> Selina Pfiffinger (6ag) konnte die Jury besonders \u00fcberzeugen und heimste den diesj\u00e4hrigen Sieg ein. Vor den Sch\u00fclerInnen der f\u00fcnften und sechsten Klassen sowie einigen Lehrkr\u00e4ften stellten sich die jungen Redetalente der Herausforderung, vor ca. 120 Zuh\u00f6rerInnen zu sprechen. Die Jury, bestehend aus der Obfrau des Elternvereins, Mag. Claudia Sitz, der Obfrau des Absolventenvereins, Mag. Karin Sch\u00fcller, Dir. Mag. Josef Spreitz, Deutschprofessor Mag. Johannes Teufel, Sch\u00fclervertreter Sebastian Seisenbacher und Vorjahressiegerin Patalapon Maderthaner, bewertete die Reden der Jugendlichen.<\/p>\n<p>In der Kategorie \u201eKlassische Rede\u201c traten acht Sch\u00fclerInnen aus der 6ag und 6am ans Rednerpult. Besonders beeindrucken konnte Selina Pfiffinger mit einem ber\u00fchrenden und packend vorgetragenen Beitrag zum Thema \u201eWettk\u00e4mpfe\u201c, in dem sie den Konkurrenzgedanken relativierte und den pers\u00f6nlichen Mehrwert betonte. Einen zweiten Platz gab es f\u00fcr Karoline Siegel (6am), die ihre Gedanken zum Thema \u201eLeistungsdruck\u201c mitrei\u00dfend \u00e4u\u00dferte und einen dritten Platz f\u00fcr Laura Koch (6ag), die die moderne\u00a0 \u201eWegwerfgesellschaft\u201c kritisch beleuchtete.<\/p>\n<p>Besonders zu erw\u00e4hnen ist noch Florian Tschak (6bs), der sich als Einziger der Herausforderung, in der Kategorie \u201eSpontanrede\u201c zu einem gezogenen Thema nach wenigen Minuten Vorbereitung zu sprechen, stellte. Das heuer besonders hohe Niveau aller Beitr\u00e4ge machte es der Jury sehr schwer, zu einem Ergebnis zu kommen. Musikalisch wurden die jungen TeilnehmerInnen vom Wahlpflichtfach Musik der 7. Klassen toll unterst\u00fctzt.<\/p>\n<p>Herzlicher Dank geb\u00fchrt der Buchhandlung St\u00f6ckl, der B\u00e4ckerei Danecker, dem Absolventenverein und dem Elternverein, die wieder gro\u00dfz\u00fcgig Preise zur Verf\u00fcgung stellten!<\/p>\n<p style=\"text-align: center;\"><div class=\"cmsms_gallery\">\n<ul>\n<li class=\"one_fourth\">\n<figure><a href=\"\" rel=\"ilightbox[69f5fb6b9f95e]\"><\/a><\/figure><\/li>\n<li class=\"one_fourth\">\n<figure><a href=\"\" rel=\"ilightbox[69f5fb6b9f95e]\"><\/a><\/figure><\/li>\n<li class=\"one_fourth\">\n<figure><a href=\"\" rel=\"ilightbox[69f5fb6b9f95e]\"><\/a><\/figure><\/li>\n<li class=\"one_fourth\">\n<figure><a href=\"\" rel=\"ilightbox[69f5fb6b9f95e]\"><\/a><\/figure><\/li>\n<li class=\"one_fourth\">\n<figure><a href=\"\" rel=\"ilightbox[69f5fb6b9f95e]\"><\/a><\/figure><\/li>\n<li class=\"one_fourth\">\n<figure><a href=\"\" rel=\"ilightbox[69f5fb6b9f95e]\"><\/a><\/figure><\/li>\n<li class=\"one_fourth\">\n<figure><a href=\"\" rel=\"ilightbox[69f5fb6b9f95e]\"><\/a><\/figure><\/li>\n<li class=\"one_fourth\">\n<figure><a href=\"\" rel=\"ilightbox[69f5fb6b9f95e]\"><\/a><\/figure><\/li>\n<li class=\"one_fourth\">\n<figure><a href=\"\" rel=\"ilightbox[69f5fb6b9f95e]\"><\/a><\/figure><\/li>\n<li class=\"one_fourth\">\n<figure><a href=\"\" rel=\"ilightbox[69f5fb6b9f95e]\"><\/a><\/figure><\/li>\n<li class=\"one_fourth\">\n<figure><a href=\"\" rel=\"ilightbox[69f5fb6b9f95e]\"><\/a><\/figure><\/li>\n<li class=\"one_fourth\">\n<figure><a href=\"\" rel=\"ilightbox[69f5fb6b9f95e]\"><\/a><\/figure><\/li>\n<li class=\"one_fourth\">\n<figure><a href=\"\" rel=\"ilightbox[69f5fb6b9f95e]\"><\/a><\/figure><\/li>\n<li class=\"one_fourth\">\n<figure><a href=\"\" rel=\"ilightbox[69f5fb6b9f95e]\"><\/a><\/figure><\/li>\n<li class=\"one_fourth\">\n<figure><a href=\"\" rel=\"ilightbox[69f5fb6b9f95e]\"><\/a><\/figure><\/li>\n<li class=\"one_fourth\">\n<figure><a href=\"\" rel=\"ilightbox[69f5fb6b9f95e]\"><\/a><\/figure><\/li>\n<li class=\"one_fourth\">\n<figure><a href=\"\" rel=\"ilightbox[69f5fb6b9f95e]\"><\/a><\/figure><\/li>\n<li class=\"one_fourth\">\n<figure><a href=\"\" rel=\"ilightbox[69f5fb6b9f95e]\"><\/a><\/figure><\/li>\n<li class=\"one_fourth\">\n<figure><a href=\"\" rel=\"ilightbox[69f5fb6b9f95e]\"><\/a><\/figure><\/li>\n<li class=\"one_fourth\">\n<figure><a href=\"\" rel=\"ilightbox[69f5fb6b9f95e]\"><\/a><\/figure><\/li>\n<li class=\"one_fourth\">\n<figure><a href=\"\" rel=\"ilightbox[69f5fb6b9f95e]\"><\/a><\/figure><\/li>\n<li class=\"one_fourth\">\n<figure><a href=\"\" rel=\"ilightbox[69f5fb6b9f95e]\"><\/a><\/figure><\/li>\n<li class=\"one_fourth\">\n<figure><a href=\"\" rel=\"ilightbox[69f5fb6b9f95e]\"><\/a><\/figure><\/li>\n<li class=\"one_fourth\">\n<figure><a href=\"\" rel=\"ilightbox[69f5fb6b9f95e]\"><\/a><\/figure><\/li>\n<li class=\"one_fourth\">\n<figure><a href=\"\" rel=\"ilightbox[69f5fb6b9f95e]\"><\/a><\/figure><\/li>\n<li class=\"one_fourth\">\n<figure><a href=\"\" rel=\"ilightbox[69f5fb6b9f95e]\"><\/a><\/figure><\/li>\n<li class=\"one_fourth\">\n<figure><a href=\"\" rel=\"ilightbox[69f5fb6b9f95e]\"><\/a><\/figure><\/li>\n<\/ul>\n<\/div>\n<\/p>\n<p>&nbsp;<\/p>\n<p>&nbsp;<\/p>\n","protected":false},"excerpt":{"rendered":"<p>Nach langer coronabedingter Pause konnte am 7. Juni wieder eine Schulveranstaltung im gr\u00f6\u00dferen Rahmen durchgef\u00fchrt werden. Das sch\u00f6ne Wetter machte es m\u00f6glich, den diesj\u00e4hrigen Redewettbwerb im Schulhof von einem gr\u00f6\u00dferen Publikum stattfinden zu lassen.<\/p>\n","protected":false},"author":1,"featured_media":46005,"comment_status":"closed","ping_status":"closed","sticky":false,"template":"","format":"standard","meta":{"footnotes":""},"categories":[18,15],"tags":[],"class_list":["post-46004","post","type-post","status-publish","format-standard","has-post-thumbnail","hentry","category-18","category-wirtschaft-und-gesellschaft"],"_links":{"self":[{"href":"https:\/\/www.bgamstetten.ac.at\/index.php\/wp-json\/wp\/v2\/posts\/46004","targetHints":{"allow":["GET"]}}],"collection":[{"href":"https:\/\/www.bgamstetten.ac.at\/index.php\/wp-json\/wp\/v2\/posts"}],"about":[{"href":"https:\/\/www.bgamstetten.ac.at\/index.php\/wp-json\/wp\/v2\/types\/post"}],"author":[{"embeddable":true,"href":"https:\/\/www.bgamstetten.ac.at\/index.php\/wp-json\/wp\/v2\/users\/1"}],"replies":[{"embeddable":true,"href":"https:\/\/www.bgamstetten.ac.at\/index.php\/wp-json\/wp\/v2\/comments?post=46004"}],"version-history":[{"count":0,"href":"https:\/\/www.bgamstetten.ac.at\/index.php\/wp-json\/wp\/v2\/posts\/46004\/revisions"}],"wp:featuredmedia":[{"embeddable":true,"href":"https:\/\/www.bgamstetten.ac.at\/index.php\/wp-json\/"}],"wp:attachment":[{"href":"https:\/\/www.bgamstetten.ac.at\/index.php\/wp-json\/wp\/v2\/media?parent=46004"}],"wp:term":[{"taxonomy":"category","embeddable":true,"href":"https:\/\/www.bgamstetten.ac.at\/index.php\/wp-json\/wp\/v2\/categories?post=46004"},{"taxonomy":"post_tag","embeddable":true,"href":"https:\/\/www.bgamstetten.ac.at\/index.php\/wp-json\/wp\/v2\/tags?post=46004"}],"curies":[{"name":"wp","href":"https:\/\/api.w.org\/{rel}","templated":true}]}}