{"id":45986,"date":"2021-06-10T07:50:36","date_gmt":"2021-06-10T05:50:36","guid":{"rendered":"http:\/\/gymnasium-amstetten.at\/?p=45986"},"modified":"2021-06-10T07:50:36","modified_gmt":"2021-06-10T05:50:36","slug":"sprachzertifikate-in-latein","status":"publish","type":"post","link":"https:\/\/www.bgamstetten.ac.at\/index.php\/2021\/06\/10\/sprachzertifikate-in-latein\/","title":{"rendered":"Sprachzertifikate in Latein"},"content":{"rendered":"<style type=\"text\/css\"><\/style><p>Nach bereits mehrmaliger erfolgreicher Durchf\u00fchrung in der Vergangenheit nahmen auch heuer wieder einige lateinbegabte Sch\u00fcler\/innen am ECCL (European Certificate for Classics), einem internationalen Sprachzertifikat f\u00fcr Latein, teil. Noch w\u00e4hrend des Schichtbetriebs im Fr\u00fchjahr hatten die Teilnehmer\/innen ausgehend von einem lateinischen Text 40 knifflige inhaltliche und sprachliche Multiple Choice-Fragen zum Text sowie zur r\u00f6mischen Kulturkunde zu beantworten.<\/p>\n<p>Dabei gab es in diesem Schuljahr gleich mehrere Premieren: Erstmals wurde das Zertifikat in Form eines Online-Tests abgewickelt, zum ersten Mal wurde an unserer Schule neben dem Level <em>\u201eVestibulum\u201c (\u201eVorhalle\u201c)<\/em> f\u00fcr das 2. Lernjahr auch das Sprachniveau <em>\u201eIanua\u201c (\u201eEingangst\u00fcr\u201c)<\/em> f\u00fcr das 4. Lernjahr von der Langlateingruppe der 6A durchgef\u00fchrt und erstmals gelang es gleich sechs Sch\u00fcler\/innen, das Zertifikat in Gold zu belegen. So gab es insgesamt 18 stolze Medaillengewinner\/innen, denen am 2. Juni 2021 im Beisein von Herrn Direktor Spreitz von ihren Lateinlehrer\/innen ihr Zertifikat feierlich \u00fcberreicht wurde.<\/p>\n<p>Direktor Spreitz, der in seiner Schulzeit selbst die klassischen Sprachen Latein und Altgriechisch gelernt hatte, betonte in seinen Anerkennungsworten die Aktualit\u00e4t und Bedeutung dieser Sprachen und ihre Bereicherung f\u00fcr so viele Bereiche des allt\u00e4glichen Lebens.<\/p>\n<p style=\"text-align: right;\">Mag. Kurt Marcik, BA<\/p>\n<h2 style=\"text-align: center;\">Die Preistr\u00e4ger\/innen:<br \/>\nLevel <em>\u201eVestibulum\u201c<\/em> (2. Lernjahr):<\/h2>\n<p style=\"text-align: center;\"><strong>Gold:<\/strong> Niklas Pihringer, Raphael Sponseiler, Lorenz Wallner (4A)<br \/>\n<strong>Silber:<\/strong> Philipp Heindl, Lukas Teufel (4C)<br \/>\n<strong>Bronze:<\/strong> Diana K\u00f6nig (4E)<\/p>\n<p style=\"text-align: center;\"><img decoding=\"async\" class=\" wp-image-45990 aligncenter\" src=\"http:\/\/gymnasium-amstetten.at\/wp-content\/uploads\/2021\/06\/Lateinzertifikat4.jpg\" alt=\"\" width=\"566\" height=\"378\" \/><\/p>\n<h2 style=\"text-align: center;\">Level <em>\u201eIanua\u201c<\/em> (4. Lernjahr):<\/h2>\n<p style=\"text-align: center;\"><strong>Gold:<\/strong> Tanya Cristurean, Rahel Haslauer, Juliana Plank<br \/>\n<strong>Silber:<\/strong> Elias Brottrager, Antonia Gugler, Lena Manner, Selina Pfiffinger, Salome Teufel, Anna Viklicky<br \/>\n<strong>Bronze:<\/strong> Carina Gruber, Anabel K\u00e4fer, Emily Moser (alle 6A)<\/p>\n<p style=\"text-align: center;\"><img decoding=\"async\" class=\" wp-image-45991 aligncenter\" src=\"http:\/\/gymnasium-amstetten.at\/wp-content\/uploads\/2021\/06\/Lateinzertifikat6.jpg\" alt=\"\" width=\"567\" height=\"379\" \/><\/p>\n","protected":false},"excerpt":{"rendered":"<p>Nach bereits mehrmaliger erfolgreicher Durchf\u00fchrung in der Vergangenheit nahmen auch heuer wieder einige lateinbegabte Sch\u00fcler\/innen am ECCL (European Certificate for Classics), einem internationalen Sprachzertifikat f\u00fcr Latein, teil. Noch w\u00e4hrend des Schichtbetriebs im Fr\u00fchjahr hatten die Teilnehmer\/innen ausgehend von einem lateinischen Text 40 knifflige inhaltliche und sprachliche Multiple Choice-Fragen zum Text sowie zur r\u00f6mischen Kulturkunde zu&#8230;<\/p>\n","protected":false},"author":1,"featured_media":45988,"comment_status":"closed","ping_status":"closed","sticky":false,"template":"","format":"standard","meta":{"footnotes":""},"categories":[18,8],"tags":[],"class_list":["post-45986","post","type-post","status-publish","format-standard","has-post-thumbnail","hentry","category-18","category-sprachen"],"_links":{"self":[{"href":"https:\/\/www.bgamstetten.ac.at\/index.php\/wp-json\/wp\/v2\/posts\/45986","targetHints":{"allow":["GET"]}}],"collection":[{"href":"https:\/\/www.bgamstetten.ac.at\/index.php\/wp-json\/wp\/v2\/posts"}],"about":[{"href":"https:\/\/www.bgamstetten.ac.at\/index.php\/wp-json\/wp\/v2\/types\/post"}],"author":[{"embeddable":true,"href":"https:\/\/www.bgamstetten.ac.at\/index.php\/wp-json\/wp\/v2\/users\/1"}],"replies":[{"embeddable":true,"href":"https:\/\/www.bgamstetten.ac.at\/index.php\/wp-json\/wp\/v2\/comments?post=45986"}],"version-history":[{"count":0,"href":"https:\/\/www.bgamstetten.ac.at\/index.php\/wp-json\/wp\/v2\/posts\/45986\/revisions"}],"wp:featuredmedia":[{"embeddable":true,"href":"https:\/\/www.bgamstetten.ac.at\/index.php\/wp-json\/"}],"wp:attachment":[{"href":"https:\/\/www.bgamstetten.ac.at\/index.php\/wp-json\/wp\/v2\/media?parent=45986"}],"wp:term":[{"taxonomy":"category","embeddable":true,"href":"https:\/\/www.bgamstetten.ac.at\/index.php\/wp-json\/wp\/v2\/categories?post=45986"},{"taxonomy":"post_tag","embeddable":true,"href":"https:\/\/www.bgamstetten.ac.at\/index.php\/wp-json\/wp\/v2\/tags?post=45986"}],"curies":[{"name":"wp","href":"https:\/\/api.w.org\/{rel}","templated":true}]}}