{"id":45971,"date":"2021-06-05T08:51:53","date_gmt":"2021-06-05T06:51:53","guid":{"rendered":"http:\/\/gymnasium-amstetten.at\/?p=45971"},"modified":"2021-06-05T08:51:53","modified_gmt":"2021-06-05T06:51:53","slug":"riesenerfolg-bei-franzoesisch-schreibwettbewerb","status":"publish","type":"post","link":"https:\/\/www.bgamstetten.ac.at\/index.php\/2021\/06\/05\/riesenerfolg-bei-franzoesisch-schreibwettbewerb\/","title":{"rendered":"Riesenerfolg bei Franz\u00f6sisch-Schreibwettbewerb!"},"content":{"rendered":"<style type=\"text\/css\"><\/style><p>Ziemlich genau seit dem Welttag der Poesie, dem 21. M\u00e4rz, wissen sie Bescheid\u2026, lang haben sie noch auf eine offizielle Preisverleihung gehofft\u2026, schlussendlich wurden dann die Preise und Urkunden aufgrund der Coronasituation doch nur zugesandt und nun durch Dir. Mag. Josef Spreitz \u00fcberreicht.<\/p>\n<p>Mag. Klaus Vogl, Franz\u00f6sischlehrer der 6a-Langform, der mit dieser Klasse am von der <em>apfa<\/em> (Vereinigung der Franz\u00f6sischlehrerInnen in \u00d6sterreich) durchgef\u00fchrten Lyrikwettbewerb teilgenommen hatte, feierte genauso wie seine Sch\u00fclerin Laura Koch einen gro\u00dfen Erfolg. Zum Thema \u201eHaikus pour les v\u00e9g\u00e9taux\u201c galt es also einen Haiku, dreizeilige Gedichtform mit 5-, 7- und 5-silbigen Versen, zum Thema Pflanzen zu verfassen.<\/p>\n<p style=\"text-align: center;\"><em>Quand je sors de terre<br \/>\n<\/em><em>les visages d\u2019\u00eatres humains<br \/>\n<\/em><em>me donnent un sourire<br \/>\n<\/em><em>(Laura Koch)<\/em><\/p>\n<p style=\"text-align: center;\"><em>les lilas orange<br \/>\n<\/em><em>tr\u00e8s \u00e9tranges, on ne mange pas<br \/>\n<\/em><em>les oranges lilas<br \/>\n<\/em><em>(Klaus Vogl)<\/em><\/p>\n<p>Vogls Haiku wurde in der Lehrerwertung als \u00f6sterreichweit bester Text ausgezeichnet, w\u00e4hrend Laura Koch in der Kategorie Sprachniveau-A2 den hervorragenden 2. Platz belegte. Eine tolle Best\u00e4tigung f\u00fcr die hohe Franz\u00f6sisch-Sprachqualit\u00e4t am BG\/BRG Amstetten sowie daf\u00fcr, der Literatur im Unterricht ausreichend Platz einzur\u00e4umen.<\/p>\n<p>Auch das <em>Institut Fran\u00e7ais Autriche<\/em> gratulierte dem Sieger und der Gewinnerin mit einem Geschenkpaket, prall gef\u00fcllt mit franz\u00f6sischen Spezialit\u00e4ten!<br \/>\nMerci!<\/p>\n<p><img decoding=\"async\" class=\"wp-image-45975 aligncenter\" src=\"http:\/\/gymnasium-amstetten.at\/wp-content\/uploads\/2021\/06\/remise-des-prix-scaled.jpg\" alt=\"\" width=\"759\" height=\"569\" \/><\/p>\n<p style=\"text-align: right;\">Mag. Klaus Vogl<\/p>\n<p>&nbsp;<\/p>\n<p><img decoding=\"async\" class=\"wp-image-45980 aligncenter\" src=\"http:\/\/gymnasium-amstetten.at\/wp-content\/uploads\/2021\/06\/Cadeau-institut-francais1.jpg\" alt=\"\" width=\"357\" height=\"476\" \/><\/p>\n","protected":false},"excerpt":{"rendered":"<p>Ziemlich genau seit dem Welttag der Poesie, dem 21. M\u00e4rz, wissen sie Bescheid\u2026, lang haben sie noch auf eine offizielle Preisverleihung gehofft\u2026, schlussendlich wurden dann die Preise und Urkunden aufgrund der Coronasituation doch nur zugesandt und nun durch Dir. Mag. Josef Spreitz \u00fcberreicht. Mag. Klaus Vogl, Franz\u00f6sischlehrer der 6a-Langform, der mit dieser Klasse am von&#8230;<\/p>\n","protected":false},"author":1,"featured_media":45972,"comment_status":"closed","ping_status":"closed","sticky":false,"template":"","format":"standard","meta":{"footnotes":""},"categories":[3],"tags":[],"class_list":["post-45971","post","type-post","status-publish","format-standard","has-post-thumbnail","hentry","category-allgemein"],"_links":{"self":[{"href":"https:\/\/www.bgamstetten.ac.at\/index.php\/wp-json\/wp\/v2\/posts\/45971","targetHints":{"allow":["GET"]}}],"collection":[{"href":"https:\/\/www.bgamstetten.ac.at\/index.php\/wp-json\/wp\/v2\/posts"}],"about":[{"href":"https:\/\/www.bgamstetten.ac.at\/index.php\/wp-json\/wp\/v2\/types\/post"}],"author":[{"embeddable":true,"href":"https:\/\/www.bgamstetten.ac.at\/index.php\/wp-json\/wp\/v2\/users\/1"}],"replies":[{"embeddable":true,"href":"https:\/\/www.bgamstetten.ac.at\/index.php\/wp-json\/wp\/v2\/comments?post=45971"}],"version-history":[{"count":0,"href":"https:\/\/www.bgamstetten.ac.at\/index.php\/wp-json\/wp\/v2\/posts\/45971\/revisions"}],"wp:featuredmedia":[{"embeddable":true,"href":"https:\/\/www.bgamstetten.ac.at\/index.php\/wp-json\/"}],"wp:attachment":[{"href":"https:\/\/www.bgamstetten.ac.at\/index.php\/wp-json\/wp\/v2\/media?parent=45971"}],"wp:term":[{"taxonomy":"category","embeddable":true,"href":"https:\/\/www.bgamstetten.ac.at\/index.php\/wp-json\/wp\/v2\/categories?post=45971"},{"taxonomy":"post_tag","embeddable":true,"href":"https:\/\/www.bgamstetten.ac.at\/index.php\/wp-json\/wp\/v2\/tags?post=45971"}],"curies":[{"name":"wp","href":"https:\/\/api.w.org\/{rel}","templated":true}]}}